{"id":3557,"date":"2024-10-22T21:18:47","date_gmt":"2024-10-22T19:18:47","guid":{"rendered":"https:\/\/wgphoto.pl\/t\/?p=3557"},"modified":"2024-10-22T21:18:47","modified_gmt":"2024-10-22T19:18:47","slug":"krzywonose-szafy","status":"publish","type":"post","link":"http:\/\/wgphoto.pl\/t\/?p=3557","title":{"rendered":"Krzywonose szafy"},"content":{"rendered":"\n<figure class=\"wp-block-image aligncenter size-full\"><img loading=\"lazy\" decoding=\"async\" width=\"1200\" height=\"803\" src=\"https:\/\/wgphoto.pl\/t\/wp-content\/uploads\/2024\/10\/IMGP2980.jpg\" alt=\"\" class=\"wp-image-3558\" srcset=\"http:\/\/wgphoto.pl\/t\/wp-content\/uploads\/2024\/10\/IMGP2980.jpg 1200w, http:\/\/wgphoto.pl\/t\/wp-content\/uploads\/2024\/10\/IMGP2980-300x201.jpg 300w, http:\/\/wgphoto.pl\/t\/wp-content\/uploads\/2024\/10\/IMGP2980-768x514.jpg 768w\" sizes=\"auto, (max-width: 1200px) 100vw, 1200px\" \/><\/figure>\n\n\n\n<div class=\"wp-block-group has-global-padding is-layout-constrained wp-block-group-is-layout-constrained\">\n<p>G\u00f6teborg, przystanek Kortedala Runstavsgatan. Na tym zdj\u0119ciu mo\u017cna zauwa\u017cy\u0107, \u017ce prz\u00f3d i ty\u0142 tramwaj\u00f3w typu M31 nie jest symetryczny. Dzi\u0119ki brakowi skos\u00f3w po prawej stronie wszystkie drzwi zatrzymuj\u0105 si\u0119 r\u00f3wnolegle do kraw\u0119dzi peronu. 20.08.2011<\/p>\n<\/div>\n","protected":false},"excerpt":{"rendered":"<p>G\u00f6teborg, przystanek Kortedala Runstavsgatan. Na tym zdj\u0119ciu mo\u017cna zauwa\u017cy\u0107, \u017ce prz\u00f3d i ty\u0142 tramwaj\u00f3w typu M31 nie jest symetryczny. Dzi\u0119ki brakowi skos\u00f3w po prawej stronie wszystkie drzwi zatrzymuj\u0105 si\u0119 r\u00f3wnolegle do kraw\u0119dzi peronu. 20.08.2011<\/p>\n","protected":false},"author":1,"featured_media":3558,"comment_status":"open","ping_status":"","sticky":false,"template":"","format":"standard","meta":{"footnotes":""},"categories":[77,3],"tags":[1592,1591,1594,1593,389,244,685,15],"class_list":["post-3557","post","type-post","status-publish","format-standard","has-post-thumbnail","hentry","category-rok-2011","category-tramwaj","tag-2011-08-20","tag-goteborg","tag-gs-goteborg","tag-m31","tag-mijanka","tag-skaly","tag-szwecja","tag-tunel"],"_links":{"self":[{"href":"http:\/\/wgphoto.pl\/t\/index.php?rest_route=\/wp\/v2\/posts\/3557","targetHints":{"allow":["GET"]}}],"collection":[{"href":"http:\/\/wgphoto.pl\/t\/index.php?rest_route=\/wp\/v2\/posts"}],"about":[{"href":"http:\/\/wgphoto.pl\/t\/index.php?rest_route=\/wp\/v2\/types\/post"}],"author":[{"embeddable":true,"href":"http:\/\/wgphoto.pl\/t\/index.php?rest_route=\/wp\/v2\/users\/1"}],"replies":[{"embeddable":true,"href":"http:\/\/wgphoto.pl\/t\/index.php?rest_route=%2Fwp%2Fv2%2Fcomments&post=3557"}],"version-history":[{"count":1,"href":"http:\/\/wgphoto.pl\/t\/index.php?rest_route=\/wp\/v2\/posts\/3557\/revisions"}],"predecessor-version":[{"id":3559,"href":"http:\/\/wgphoto.pl\/t\/index.php?rest_route=\/wp\/v2\/posts\/3557\/revisions\/3559"}],"wp:featuredmedia":[{"embeddable":true,"href":"http:\/\/wgphoto.pl\/t\/index.php?rest_route=\/wp\/v2\/media\/3558"}],"wp:attachment":[{"href":"http:\/\/wgphoto.pl\/t\/index.php?rest_route=%2Fwp%2Fv2%2Fmedia&parent=3557"}],"wp:term":[{"taxonomy":"category","embeddable":true,"href":"http:\/\/wgphoto.pl\/t\/index.php?rest_route=%2Fwp%2Fv2%2Fcategories&post=3557"},{"taxonomy":"post_tag","embeddable":true,"href":"http:\/\/wgphoto.pl\/t\/index.php?rest_route=%2Fwp%2Fv2%2Ftags&post=3557"}],"curies":[{"name":"wp","href":"https:\/\/api.w.org\/{rel}","templated":true}]}}