{"id":3569,"date":"2024-10-22T21:22:54","date_gmt":"2024-10-22T19:22:54","guid":{"rendered":"https:\/\/wgphoto.pl\/t\/?p=3569"},"modified":"2024-10-22T21:22:54","modified_gmt":"2024-10-22T19:22:54","slug":"w-szeregu-zbiorka","status":"publish","type":"post","link":"http:\/\/wgphoto.pl\/t\/?p=3569","title":{"rendered":"W szeregu zbi\u00f3rka"},"content":{"rendered":"\n<figure class=\"wp-block-image aligncenter size-full\"><img loading=\"lazy\" decoding=\"async\" width=\"1300\" height=\"870\" src=\"https:\/\/wgphoto.pl\/t\/wp-content\/uploads\/2024\/10\/IMGP2953.jpg\" alt=\"\" class=\"wp-image-3570\" srcset=\"http:\/\/wgphoto.pl\/t\/wp-content\/uploads\/2024\/10\/IMGP2953.jpg 1300w, http:\/\/wgphoto.pl\/t\/wp-content\/uploads\/2024\/10\/IMGP2953-300x201.jpg 300w, http:\/\/wgphoto.pl\/t\/wp-content\/uploads\/2024\/10\/IMGP2953-768x514.jpg 768w\" sizes=\"auto, (max-width: 1300px) 100vw, 1300px\" \/><\/figure>\n\n\n\n<div class=\"wp-block-group has-global-padding is-layout-constrained wp-block-group-is-layout-constrained\">\n<p>Trzy jednostki elektryczne starszej budowy ustawi\u0142y si\u0119 w szeregu przy peronach stacji G\u00f6teborg C. Nie wiem czy nowszych tam wtedy nie mieli, czy po prostu mia\u0142em szcz\u0119\u015bcie. Nie wiem te\u017c, czy to pojazdy narodowego przewo\u017anika w jakim\u015b lokalnym malowaniu, czy te\u017c jaka\u015b prywata, ale licz\u0119 na posi\u0142ki ze Szwecji. \ud83d\ude09 20.08.2011<\/p>\n<\/div>\n","protected":false},"excerpt":{"rendered":"<p>Trzy jednostki elektryczne starszej budowy ustawi\u0142y si\u0119 w szeregu przy peronach stacji G\u00f6teborg C. Nie wiem czy nowszych tam wtedy nie mieli, czy po prostu mia\u0142em szcz\u0119\u015bcie. Nie wiem te\u017c, czy to pojazdy narodowego przewo\u017anika w jakim\u015b lokalnym malowaniu, czy te\u017c jaka\u015b prywata, ale licz\u0119 na posi\u0142ki ze Szwecji. \ud83d\ude09 20.08.2011<\/p>\n","protected":false},"author":1,"featured_media":3570,"comment_status":"open","ping_status":"","sticky":false,"template":"","format":"standard","meta":{"footnotes":""},"categories":[2,77],"tags":[1592,1591,162,1372,685],"class_list":["post-3569","post","type-post","status-publish","format-standard","has-post-thumbnail","hentry","category-kolej","category-rok-2011","tag-2011-08-20","tag-goteborg","tag-niebo","tag-sj","tag-szwecja"],"_links":{"self":[{"href":"http:\/\/wgphoto.pl\/t\/index.php?rest_route=\/wp\/v2\/posts\/3569","targetHints":{"allow":["GET"]}}],"collection":[{"href":"http:\/\/wgphoto.pl\/t\/index.php?rest_route=\/wp\/v2\/posts"}],"about":[{"href":"http:\/\/wgphoto.pl\/t\/index.php?rest_route=\/wp\/v2\/types\/post"}],"author":[{"embeddable":true,"href":"http:\/\/wgphoto.pl\/t\/index.php?rest_route=\/wp\/v2\/users\/1"}],"replies":[{"embeddable":true,"href":"http:\/\/wgphoto.pl\/t\/index.php?rest_route=%2Fwp%2Fv2%2Fcomments&post=3569"}],"version-history":[{"count":1,"href":"http:\/\/wgphoto.pl\/t\/index.php?rest_route=\/wp\/v2\/posts\/3569\/revisions"}],"predecessor-version":[{"id":3571,"href":"http:\/\/wgphoto.pl\/t\/index.php?rest_route=\/wp\/v2\/posts\/3569\/revisions\/3571"}],"wp:featuredmedia":[{"embeddable":true,"href":"http:\/\/wgphoto.pl\/t\/index.php?rest_route=\/wp\/v2\/media\/3570"}],"wp:attachment":[{"href":"http:\/\/wgphoto.pl\/t\/index.php?rest_route=%2Fwp%2Fv2%2Fmedia&parent=3569"}],"wp:term":[{"taxonomy":"category","embeddable":true,"href":"http:\/\/wgphoto.pl\/t\/index.php?rest_route=%2Fwp%2Fv2%2Fcategories&post=3569"},{"taxonomy":"post_tag","embeddable":true,"href":"http:\/\/wgphoto.pl\/t\/index.php?rest_route=%2Fwp%2Fv2%2Ftags&post=3569"}],"curies":[{"name":"wp","href":"https:\/\/api.w.org\/{rel}","templated":true}]}}