{"id":3572,"date":"2024-10-22T21:23:58","date_gmt":"2024-10-22T19:23:58","guid":{"rendered":"https:\/\/wgphoto.pl\/t\/?p=3572"},"modified":"2024-10-22T21:23:58","modified_gmt":"2024-10-22T19:23:58","slug":"nagy-vasarcsarnok","status":"publish","type":"post","link":"http:\/\/wgphoto.pl\/t\/?p=3572","title":{"rendered":"Nagy V\u00e1s\u00e1rcsarnok"},"content":{"rendered":"\n<figure class=\"wp-block-image aligncenter size-full\"><img loading=\"lazy\" decoding=\"async\" width=\"1200\" height=\"803\" src=\"https:\/\/wgphoto.pl\/t\/wp-content\/uploads\/2024\/10\/IMGP3744.jpg\" alt=\"\" class=\"wp-image-3573\" srcset=\"http:\/\/wgphoto.pl\/t\/wp-content\/uploads\/2024\/10\/IMGP3744.jpg 1200w, http:\/\/wgphoto.pl\/t\/wp-content\/uploads\/2024\/10\/IMGP3744-300x201.jpg 300w, http:\/\/wgphoto.pl\/t\/wp-content\/uploads\/2024\/10\/IMGP3744-768x514.jpg 768w\" sizes=\"auto, (max-width: 1200px) 100vw, 1200px\" \/><\/figure>\n\n\n\n<div class=\"wp-block-group has-global-padding is-layout-constrained wp-block-group-is-layout-constrained\">\n<p>Budapeszt, F\u0151v\u00e1m t\u00e9r. Dwukierunkowy Ganz podczas obs\u0142ugi lewostronnego przystanku pod Wielk\u0105 Hal\u0105 Targow\u0105 (po w\u0119giersku &#8211; jak w tytule) o pi\u0119knej architekturze. 26.08.2011<\/p>\n<\/div>\n","protected":false},"excerpt":{"rendered":"<p>Budapeszt, F\u0151v\u00e1m t\u00e9r. Dwukierunkowy Ganz podczas obs\u0142ugi lewostronnego przystanku pod Wielk\u0105 Hal\u0105 Targow\u0105 (po w\u0119giersku &#8211; jak w tytule) o pi\u0119knej architekturze. 26.08.2011<\/p>\n","protected":false},"author":1,"featured_media":3573,"comment_status":"open","ping_status":"","sticky":false,"template":"","format":"standard","meta":{"footnotes":""},"categories":[77,3],"tags":[1598,34,147,144,699,105],"class_list":["post-3572","post","type-post","status-publish","format-standard","has-post-thumbnail","hentry","category-rok-2011","category-tramwaj","tag-2011-08-26","tag-architektura","tag-bkv-budapest","tag-budapeszt","tag-ganz-csmg2","tag-wegry"],"_links":{"self":[{"href":"http:\/\/wgphoto.pl\/t\/index.php?rest_route=\/wp\/v2\/posts\/3572","targetHints":{"allow":["GET"]}}],"collection":[{"href":"http:\/\/wgphoto.pl\/t\/index.php?rest_route=\/wp\/v2\/posts"}],"about":[{"href":"http:\/\/wgphoto.pl\/t\/index.php?rest_route=\/wp\/v2\/types\/post"}],"author":[{"embeddable":true,"href":"http:\/\/wgphoto.pl\/t\/index.php?rest_route=\/wp\/v2\/users\/1"}],"replies":[{"embeddable":true,"href":"http:\/\/wgphoto.pl\/t\/index.php?rest_route=%2Fwp%2Fv2%2Fcomments&post=3572"}],"version-history":[{"count":1,"href":"http:\/\/wgphoto.pl\/t\/index.php?rest_route=\/wp\/v2\/posts\/3572\/revisions"}],"predecessor-version":[{"id":3574,"href":"http:\/\/wgphoto.pl\/t\/index.php?rest_route=\/wp\/v2\/posts\/3572\/revisions\/3574"}],"wp:featuredmedia":[{"embeddable":true,"href":"http:\/\/wgphoto.pl\/t\/index.php?rest_route=\/wp\/v2\/media\/3573"}],"wp:attachment":[{"href":"http:\/\/wgphoto.pl\/t\/index.php?rest_route=%2Fwp%2Fv2%2Fmedia&parent=3572"}],"wp:term":[{"taxonomy":"category","embeddable":true,"href":"http:\/\/wgphoto.pl\/t\/index.php?rest_route=%2Fwp%2Fv2%2Fcategories&post=3572"},{"taxonomy":"post_tag","embeddable":true,"href":"http:\/\/wgphoto.pl\/t\/index.php?rest_route=%2Fwp%2Fv2%2Ftags&post=3572"}],"curies":[{"name":"wp","href":"https:\/\/api.w.org\/{rel}","templated":true}]}}