{"id":3605,"date":"2024-10-23T18:15:23","date_gmt":"2024-10-23T16:15:23","guid":{"rendered":"https:\/\/wgphoto.pl\/t\/?p=3605"},"modified":"2024-10-23T18:15:23","modified_gmt":"2024-10-23T16:15:23","slug":"veseli-nad-moravou","status":"publish","type":"post","link":"http:\/\/wgphoto.pl\/t\/?p=3605","title":{"rendered":"Vesel\u00ed nad Moravou"},"content":{"rendered":"\n<figure class=\"wp-block-image aligncenter size-full\"><img loading=\"lazy\" decoding=\"async\" width=\"1300\" height=\"870\" src=\"https:\/\/wgphoto.pl\/t\/wp-content\/uploads\/2024\/10\/IMGP7420.jpg\" alt=\"\" class=\"wp-image-3606\" srcset=\"http:\/\/wgphoto.pl\/t\/wp-content\/uploads\/2024\/10\/IMGP7420.jpg 1300w, http:\/\/wgphoto.pl\/t\/wp-content\/uploads\/2024\/10\/IMGP7420-300x201.jpg 300w, http:\/\/wgphoto.pl\/t\/wp-content\/uploads\/2024\/10\/IMGP7420-768x514.jpg 768w\" sizes=\"auto, (max-width: 1300px) 100vw, 1300px\" \/><\/figure>\n\n\n\n<div class=\"wp-block-group has-global-padding is-layout-constrained wp-block-group-is-layout-constrained\">\n<p>Na stacji Vesel\u00ed nad Moravou, kt\u00f3ra z szerokimi, wysokimi i zadaszonymi peronami nie przypomina typowej czeskiej stacji, mijaj\u0105 si\u0119 poci\u0105gi Hodon\u00edn &#8211; Javorn\u00edk nad Veli\u010dkou zast\u00e1vka i Velk\u00e1 nad Veli\u010dkou &#8211; Hodon\u00edn, kursuj\u0105ce po tej samej trasie, lecz jeden z nich ma relacj\u0119 wyd\u0142u\u017con\u0105 do ostatniego przystanku przed granic\u0105 czesko-s\u0142owack\u0105. 20.07.2009<\/p>\n<\/div>\n","protected":false},"excerpt":{"rendered":"<p>Na stacji Vesel\u00ed nad Moravou, kt\u00f3ra z szerokimi, wysokimi i zadaszonymi peronami nie przypomina typowej czeskiej stacji, mijaj\u0105 si\u0119 poci\u0105gi Hodon\u00edn &#8211; Javorn\u00edk nad Veli\u010dkou zast\u00e1vka i Velk\u00e1 nad Veli\u010dkou &#8211; Hodon\u00edn, kursuj\u0105ce po tej samej trasie, lecz jeden z nich ma relacj\u0119 wyd\u0142u\u017con\u0105 do ostatniego przystanku przed granic\u0105 czesko-s\u0142owack\u0105. 20.07.2009<\/p>\n","protected":false},"author":1,"featured_media":3606,"comment_status":"open","ping_status":"","sticky":false,"template":"","format":"standard","meta":{"footnotes":""},"categories":[2,169],"tags":[337,211,50,49,24,223,1616,1615],"class_list":["post-3605","post","type-post","status-publish","format-standard","has-post-thumbnail","hentry","category-kolej","category-rok-2009","tag-2009-07-20","tag-211","tag-cd","tag-czechy","tag-perony","tag-symetria","tag-tab-cz343","tag-veseli-nad-moravou"],"_links":{"self":[{"href":"http:\/\/wgphoto.pl\/t\/index.php?rest_route=\/wp\/v2\/posts\/3605","targetHints":{"allow":["GET"]}}],"collection":[{"href":"http:\/\/wgphoto.pl\/t\/index.php?rest_route=\/wp\/v2\/posts"}],"about":[{"href":"http:\/\/wgphoto.pl\/t\/index.php?rest_route=\/wp\/v2\/types\/post"}],"author":[{"embeddable":true,"href":"http:\/\/wgphoto.pl\/t\/index.php?rest_route=\/wp\/v2\/users\/1"}],"replies":[{"embeddable":true,"href":"http:\/\/wgphoto.pl\/t\/index.php?rest_route=%2Fwp%2Fv2%2Fcomments&post=3605"}],"version-history":[{"count":1,"href":"http:\/\/wgphoto.pl\/t\/index.php?rest_route=\/wp\/v2\/posts\/3605\/revisions"}],"predecessor-version":[{"id":3607,"href":"http:\/\/wgphoto.pl\/t\/index.php?rest_route=\/wp\/v2\/posts\/3605\/revisions\/3607"}],"wp:featuredmedia":[{"embeddable":true,"href":"http:\/\/wgphoto.pl\/t\/index.php?rest_route=\/wp\/v2\/media\/3606"}],"wp:attachment":[{"href":"http:\/\/wgphoto.pl\/t\/index.php?rest_route=%2Fwp%2Fv2%2Fmedia&parent=3605"}],"wp:term":[{"taxonomy":"category","embeddable":true,"href":"http:\/\/wgphoto.pl\/t\/index.php?rest_route=%2Fwp%2Fv2%2Fcategories&post=3605"},{"taxonomy":"post_tag","embeddable":true,"href":"http:\/\/wgphoto.pl\/t\/index.php?rest_route=%2Fwp%2Fv2%2Ftags&post=3605"}],"curies":[{"name":"wp","href":"https:\/\/api.w.org\/{rel}","templated":true}]}}