{"id":3620,"date":"2024-10-23T18:20:01","date_gmt":"2024-10-23T16:20:01","guid":{"rendered":"https:\/\/wgphoto.pl\/t\/?p=3620"},"modified":"2024-10-23T18:20:01","modified_gmt":"2024-10-23T16:20:01","slug":"peron-4-godz-1718","status":"publish","type":"post","link":"http:\/\/wgphoto.pl\/t\/?p=3620","title":{"rendered":"Peron 4, godz. 17:18"},"content":{"rendered":"\n<figure class=\"wp-block-image aligncenter size-full\"><img loading=\"lazy\" decoding=\"async\" width=\"1300\" height=\"867\" src=\"https:\/\/wgphoto.pl\/t\/wp-content\/uploads\/2024\/10\/0411-15.jpg\" alt=\"\" class=\"wp-image-3621\" srcset=\"http:\/\/wgphoto.pl\/t\/wp-content\/uploads\/2024\/10\/0411-15.jpg 1300w, http:\/\/wgphoto.pl\/t\/wp-content\/uploads\/2024\/10\/0411-15-300x200.jpg 300w, http:\/\/wgphoto.pl\/t\/wp-content\/uploads\/2024\/10\/0411-15-768x512.jpg 768w\" sizes=\"auto, (max-width: 1300px) 100vw, 1300px\" \/><\/figure>\n\n\n\n<div class=\"wp-block-group has-global-padding is-layout-constrained wp-block-group-is-layout-constrained\">\n<p>Tu stacja Legnica. SP42-191 przyprowadzi\u0142a poci\u0105g osobowy 4425 z Jaworzyny \u015al\u0105skiej. Z tego co pami\u0119tam, poci\u0105g by\u0142 sp\u00f3\u017aniony z powodu oczekiwania na krzy\u017cowanie z kursem relacji przeciwnej w Strzegomiu. Po prawej czeka zapewne skomunikowany poci\u0105g do Wroc\u0142awia. Z braku czasu zrobi\u0142em wi\u0119c tylko takiego knocika z zas\u0142oni\u0119t\u0105 lokomotyw\u0105, ale z dzisiejszego punktu widzenia bardzo mi si\u0119 ten kadr podoba, poniewa\u017c jest w nim \u017cycie. 12.07.2004<\/p>\n<\/div>\n","protected":false},"excerpt":{"rendered":"<p>Tu stacja Legnica. SP42-191 przyprowadzi\u0142a poci\u0105g osobowy 4425 z Jaworzyny \u015al\u0105skiej. Z tego co pami\u0119tam, poci\u0105g by\u0142 sp\u00f3\u017aniony z powodu oczekiwania na krzy\u017cowanie z kursem relacji przeciwnej w Strzegomiu. Po prawej czeka zapewne skomunikowany poci\u0105g do Wroc\u0142awia. Z braku czasu zrobi\u0142em wi\u0119c tylko takiego knocika z zas\u0142oni\u0119t\u0105 lokomotyw\u0105, ale z dzisiejszego punktu widzenia bardzo mi [&hellip;]<\/p>\n","protected":false},"author":1,"featured_media":3621,"comment_status":"open","ping_status":"","sticky":false,"template":"","format":"standard","meta":{"footnotes":""},"categories":[62,2,61],"tags":[1620,179,661,151,24,63,27,316,319],"class_list":["post-3620","post","type-post","status-publish","format-standard","has-post-thumbnail","hentry","category-analog","category-kolej","category-rok-2004","tag-2004-07-12","tag-hala-peronowa","tag-legnica","tag-ludzie","tag-perony","tag-pkp","tag-polska","tag-sp42","tag-tab-pl235"],"_links":{"self":[{"href":"http:\/\/wgphoto.pl\/t\/index.php?rest_route=\/wp\/v2\/posts\/3620","targetHints":{"allow":["GET"]}}],"collection":[{"href":"http:\/\/wgphoto.pl\/t\/index.php?rest_route=\/wp\/v2\/posts"}],"about":[{"href":"http:\/\/wgphoto.pl\/t\/index.php?rest_route=\/wp\/v2\/types\/post"}],"author":[{"embeddable":true,"href":"http:\/\/wgphoto.pl\/t\/index.php?rest_route=\/wp\/v2\/users\/1"}],"replies":[{"embeddable":true,"href":"http:\/\/wgphoto.pl\/t\/index.php?rest_route=%2Fwp%2Fv2%2Fcomments&post=3620"}],"version-history":[{"count":1,"href":"http:\/\/wgphoto.pl\/t\/index.php?rest_route=\/wp\/v2\/posts\/3620\/revisions"}],"predecessor-version":[{"id":3622,"href":"http:\/\/wgphoto.pl\/t\/index.php?rest_route=\/wp\/v2\/posts\/3620\/revisions\/3622"}],"wp:featuredmedia":[{"embeddable":true,"href":"http:\/\/wgphoto.pl\/t\/index.php?rest_route=\/wp\/v2\/media\/3621"}],"wp:attachment":[{"href":"http:\/\/wgphoto.pl\/t\/index.php?rest_route=%2Fwp%2Fv2%2Fmedia&parent=3620"}],"wp:term":[{"taxonomy":"category","embeddable":true,"href":"http:\/\/wgphoto.pl\/t\/index.php?rest_route=%2Fwp%2Fv2%2Fcategories&post=3620"},{"taxonomy":"post_tag","embeddable":true,"href":"http:\/\/wgphoto.pl\/t\/index.php?rest_route=%2Fwp%2Fv2%2Ftags&post=3620"}],"curies":[{"name":"wp","href":"https:\/\/api.w.org\/{rel}","templated":true}]}}