{"id":3629,"date":"2024-10-23T18:22:55","date_gmt":"2024-10-23T16:22:55","guid":{"rendered":"https:\/\/wgphoto.pl\/t\/?p=3629"},"modified":"2024-11-19T18:54:02","modified_gmt":"2024-11-19T17:54:02","slug":"sympatyczne-staruszki","status":"publish","type":"post","link":"http:\/\/wgphoto.pl\/t\/?p=3629","title":{"rendered":"Sympatyczne staruszki"},"content":{"rendered":"\n<figure class=\"wp-block-image aligncenter size-full\"><img loading=\"lazy\" decoding=\"async\" width=\"1200\" height=\"800\" src=\"https:\/\/wgphoto.pl\/t\/wp-content\/uploads\/2024\/10\/2002r1-36.jpg\" alt=\"\" class=\"wp-image-3630\" srcset=\"http:\/\/wgphoto.pl\/t\/wp-content\/uploads\/2024\/10\/2002r1-36.jpg 1200w, http:\/\/wgphoto.pl\/t\/wp-content\/uploads\/2024\/10\/2002r1-36-300x200.jpg 300w, http:\/\/wgphoto.pl\/t\/wp-content\/uploads\/2024\/10\/2002r1-36-768x512.jpg 768w\" sizes=\"auto, (max-width: 1200px) 100vw, 1200px\" \/><\/figure>\n\n\n\n<div class=\"wp-block-group has-global-padding is-layout-constrained wp-block-group-is-layout-constrained\">\n<p>Wiekowe jednostki serii 4030 czekaj\u0105 na odjazd ze stacji Wien Westbahnhof. Zestaw o numerze 237 pojedzie jako poci\u0105g regionalny do St. P\u00f6lten, a jednostka nr 222 jako S-bahn linii S50 do Rekawinkel. 23.07.2002<\/p>\n<\/div>\n","protected":false},"excerpt":{"rendered":"<p>Wiekowe jednostki serii 4030 czekaj\u0105 na odjazd ze stacji Wien Westbahnhof. Zestaw o numerze 237 pojedzie jako poci\u0105g regionalny do St. P\u00f6lten, a jednostka nr 222 jako S-bahn linii S50 do Rekawinkel. 23.07.2002<\/p>\n","protected":false},"author":1,"featured_media":3630,"comment_status":"open","ping_status":"","sticky":false,"template":"","format":"standard","meta":{"footnotes":""},"categories":[62,2,577],"tags":[1626,1625,9,1374,11,2322,97,579],"class_list":["post-3629","post","type-post","status-publish","format-standard","has-post-thumbnail","hentry","category-analog","category-kolej","category-rok-2002","tag-2002-07-23","tag-1625","tag-austria","tag-kolej-podmiejska","tag-obb","tag-s-bahn-wien","tag-wieden","tag-wien-westbahnhof"],"_links":{"self":[{"href":"http:\/\/wgphoto.pl\/t\/index.php?rest_route=\/wp\/v2\/posts\/3629","targetHints":{"allow":["GET"]}}],"collection":[{"href":"http:\/\/wgphoto.pl\/t\/index.php?rest_route=\/wp\/v2\/posts"}],"about":[{"href":"http:\/\/wgphoto.pl\/t\/index.php?rest_route=\/wp\/v2\/types\/post"}],"author":[{"embeddable":true,"href":"http:\/\/wgphoto.pl\/t\/index.php?rest_route=\/wp\/v2\/users\/1"}],"replies":[{"embeddable":true,"href":"http:\/\/wgphoto.pl\/t\/index.php?rest_route=%2Fwp%2Fv2%2Fcomments&post=3629"}],"version-history":[{"count":1,"href":"http:\/\/wgphoto.pl\/t\/index.php?rest_route=\/wp\/v2\/posts\/3629\/revisions"}],"predecessor-version":[{"id":3631,"href":"http:\/\/wgphoto.pl\/t\/index.php?rest_route=\/wp\/v2\/posts\/3629\/revisions\/3631"}],"wp:featuredmedia":[{"embeddable":true,"href":"http:\/\/wgphoto.pl\/t\/index.php?rest_route=\/wp\/v2\/media\/3630"}],"wp:attachment":[{"href":"http:\/\/wgphoto.pl\/t\/index.php?rest_route=%2Fwp%2Fv2%2Fmedia&parent=3629"}],"wp:term":[{"taxonomy":"category","embeddable":true,"href":"http:\/\/wgphoto.pl\/t\/index.php?rest_route=%2Fwp%2Fv2%2Fcategories&post=3629"},{"taxonomy":"post_tag","embeddable":true,"href":"http:\/\/wgphoto.pl\/t\/index.php?rest_route=%2Fwp%2Fv2%2Ftags&post=3629"}],"curies":[{"name":"wp","href":"https:\/\/api.w.org\/{rel}","templated":true}]}}