{"id":3656,"date":"2024-10-23T18:31:46","date_gmt":"2024-10-23T16:31:46","guid":{"rendered":"https:\/\/wgphoto.pl\/t\/?p=3656"},"modified":"2024-10-23T18:31:46","modified_gmt":"2024-10-23T16:31:46","slug":"remont-odjagu","status":"publish","type":"post","link":"http:\/\/wgphoto.pl\/t\/?p=3656","title":{"rendered":"Remont odjagu"},"content":{"rendered":"\n<figure class=\"wp-block-image aligncenter size-full\"><img loading=\"lazy\" decoding=\"async\" width=\"1300\" height=\"870\" src=\"https:\/\/wgphoto.pl\/t\/wp-content\/uploads\/2024\/10\/IMGP2596.jpg\" alt=\"\" class=\"wp-image-3657\" srcset=\"http:\/\/wgphoto.pl\/t\/wp-content\/uploads\/2024\/10\/IMGP2596.jpg 1300w, http:\/\/wgphoto.pl\/t\/wp-content\/uploads\/2024\/10\/IMGP2596-300x201.jpg 300w, http:\/\/wgphoto.pl\/t\/wp-content\/uploads\/2024\/10\/IMGP2596-768x514.jpg 768w\" sizes=\"auto, (max-width: 1300px) 100vw, 1300px\" \/><\/figure>\n\n\n\n<div class=\"wp-block-group has-global-padding is-layout-constrained wp-block-group-is-layout-constrained\">\n<p>Kij\u00f3w, p\u0119tla Herojiw Dnipra. Moj\u0105 uwag\u0119 w tym kadrze przyku\u0142a budka oferuj\u0105ca tytu\u0142owe us\u0142ugi. Szkoda \u017ce nikt nie oferuje remontu tramwaj\u00f3w, przez to smutna Tatra musi si\u0119 buja\u0107 po mie\u015bcie w takiej ma\u0142o wyj\u015bciowej kreacji. 23.04.2010<\/p>\n<\/div>\n","protected":false},"excerpt":{"rendered":"<p>Kij\u00f3w, p\u0119tla Herojiw Dnipra. Moj\u0105 uwag\u0119 w tym kadrze przyku\u0142a budka oferuj\u0105ca tytu\u0142owe us\u0142ugi. Szkoda \u017ce nikt nie oferuje remontu tramwaj\u00f3w, przez to smutna Tatra musi si\u0119 buja\u0107 po mie\u015bcie w takiej ma\u0142o wyj\u015bciowej kreacji. 23.04.2010<\/p>\n","protected":false},"author":1,"featured_media":3657,"comment_status":"open","ping_status":"","sticky":false,"template":"","format":"standard","meta":{"footnotes":""},"categories":[86,3],"tags":[455,452,438,1011,453],"class_list":["post-3656","post","type-post","status-publish","format-standard","has-post-thumbnail","hentry","category-rok-2010","category-tramwaj","tag-2010-04-23","tag-kijow","tag-portret-z-petli","tag-tatra-t3","tag-ukraina"],"_links":{"self":[{"href":"http:\/\/wgphoto.pl\/t\/index.php?rest_route=\/wp\/v2\/posts\/3656","targetHints":{"allow":["GET"]}}],"collection":[{"href":"http:\/\/wgphoto.pl\/t\/index.php?rest_route=\/wp\/v2\/posts"}],"about":[{"href":"http:\/\/wgphoto.pl\/t\/index.php?rest_route=\/wp\/v2\/types\/post"}],"author":[{"embeddable":true,"href":"http:\/\/wgphoto.pl\/t\/index.php?rest_route=\/wp\/v2\/users\/1"}],"replies":[{"embeddable":true,"href":"http:\/\/wgphoto.pl\/t\/index.php?rest_route=%2Fwp%2Fv2%2Fcomments&post=3656"}],"version-history":[{"count":1,"href":"http:\/\/wgphoto.pl\/t\/index.php?rest_route=\/wp\/v2\/posts\/3656\/revisions"}],"predecessor-version":[{"id":3658,"href":"http:\/\/wgphoto.pl\/t\/index.php?rest_route=\/wp\/v2\/posts\/3656\/revisions\/3658"}],"wp:featuredmedia":[{"embeddable":true,"href":"http:\/\/wgphoto.pl\/t\/index.php?rest_route=\/wp\/v2\/media\/3657"}],"wp:attachment":[{"href":"http:\/\/wgphoto.pl\/t\/index.php?rest_route=%2Fwp%2Fv2%2Fmedia&parent=3656"}],"wp:term":[{"taxonomy":"category","embeddable":true,"href":"http:\/\/wgphoto.pl\/t\/index.php?rest_route=%2Fwp%2Fv2%2Fcategories&post=3656"},{"taxonomy":"post_tag","embeddable":true,"href":"http:\/\/wgphoto.pl\/t\/index.php?rest_route=%2Fwp%2Fv2%2Ftags&post=3656"}],"curies":[{"name":"wp","href":"https:\/\/api.w.org\/{rel}","templated":true}]}}