{"id":3663,"date":"2024-10-23T18:34:24","date_gmt":"2024-10-23T16:34:24","guid":{"rendered":"https:\/\/wgphoto.pl\/t\/?p=3663"},"modified":"2024-10-23T18:34:24","modified_gmt":"2024-10-23T16:34:24","slug":"en57-1234-kedzierzyn-kozle","status":"publish","type":"post","link":"http:\/\/wgphoto.pl\/t\/?p=3663","title":{"rendered":"EN57-1234, K\u0119dzierzyn-Ko\u017ale"},"content":{"rendered":"\n<figure class=\"wp-block-image aligncenter size-full\"><img loading=\"lazy\" decoding=\"async\" width=\"1000\" height=\"750\" src=\"https:\/\/wgphoto.pl\/t\/wp-content\/uploads\/2024\/10\/DSCF6303.jpg\" alt=\"\" class=\"wp-image-3664\" srcset=\"http:\/\/wgphoto.pl\/t\/wp-content\/uploads\/2024\/10\/DSCF6303.jpg 1000w, http:\/\/wgphoto.pl\/t\/wp-content\/uploads\/2024\/10\/DSCF6303-300x225.jpg 300w, http:\/\/wgphoto.pl\/t\/wp-content\/uploads\/2024\/10\/DSCF6303-768x576.jpg 768w\" sizes=\"auto, (max-width: 1000px) 100vw, 1000px\" \/><\/figure>\n\n\n\n<div class=\"wp-block-group has-global-padding is-layout-constrained wp-block-group-is-layout-constrained\">\n<p>Wieczorna osob\u00f3wka 4633 do Wroc\u0142awia G\u0142\u00f3wnego przed odjazdem z K\u0119dzierzyna-Ko\u017ala. 08.03.2008<\/p>\n<\/div>\n","protected":false},"excerpt":{"rendered":"<p>Wieczorna osob\u00f3wka 4633 do Wroc\u0142awia G\u0142\u00f3wnego przed odjazdem z K\u0119dzierzyna-Ko\u017ala. 08.03.2008<\/p>\n","protected":false},"author":1,"featured_media":3664,"comment_status":"open","ping_status":"","sticky":false,"template":"","format":"standard","meta":{"footnotes":""},"categories":[2,120],"tags":[1426,132,263,154,24,63,27,711],"class_list":["post-3663","post","type-post","status-publish","format-standard","has-post-thumbnail","hentry","category-kolej","category-rok-2008","tag-2008-03-08","tag-en57","tag-kedzierzyn-kozle","tag-noc","tag-perony","tag-pkp","tag-polska","tag-tab-pl220"],"_links":{"self":[{"href":"http:\/\/wgphoto.pl\/t\/index.php?rest_route=\/wp\/v2\/posts\/3663","targetHints":{"allow":["GET"]}}],"collection":[{"href":"http:\/\/wgphoto.pl\/t\/index.php?rest_route=\/wp\/v2\/posts"}],"about":[{"href":"http:\/\/wgphoto.pl\/t\/index.php?rest_route=\/wp\/v2\/types\/post"}],"author":[{"embeddable":true,"href":"http:\/\/wgphoto.pl\/t\/index.php?rest_route=\/wp\/v2\/users\/1"}],"replies":[{"embeddable":true,"href":"http:\/\/wgphoto.pl\/t\/index.php?rest_route=%2Fwp%2Fv2%2Fcomments&post=3663"}],"version-history":[{"count":1,"href":"http:\/\/wgphoto.pl\/t\/index.php?rest_route=\/wp\/v2\/posts\/3663\/revisions"}],"predecessor-version":[{"id":3665,"href":"http:\/\/wgphoto.pl\/t\/index.php?rest_route=\/wp\/v2\/posts\/3663\/revisions\/3665"}],"wp:featuredmedia":[{"embeddable":true,"href":"http:\/\/wgphoto.pl\/t\/index.php?rest_route=\/wp\/v2\/media\/3664"}],"wp:attachment":[{"href":"http:\/\/wgphoto.pl\/t\/index.php?rest_route=%2Fwp%2Fv2%2Fmedia&parent=3663"}],"wp:term":[{"taxonomy":"category","embeddable":true,"href":"http:\/\/wgphoto.pl\/t\/index.php?rest_route=%2Fwp%2Fv2%2Fcategories&post=3663"},{"taxonomy":"post_tag","embeddable":true,"href":"http:\/\/wgphoto.pl\/t\/index.php?rest_route=%2Fwp%2Fv2%2Ftags&post=3663"}],"curies":[{"name":"wp","href":"https:\/\/api.w.org\/{rel}","templated":true}]}}