{"id":3684,"date":"2024-10-23T18:47:06","date_gmt":"2024-10-23T16:47:06","guid":{"rendered":"https:\/\/wgphoto.pl\/t\/?p=3684"},"modified":"2024-10-23T18:47:06","modified_gmt":"2024-10-23T16:47:06","slug":"myslowice-centrum","status":"publish","type":"post","link":"http:\/\/wgphoto.pl\/t\/?p=3684","title":{"rendered":"Mys\u0142owice Centrum"},"content":{"rendered":"\n<figure class=\"wp-block-image aligncenter size-full\"><img loading=\"lazy\" decoding=\"async\" width=\"750\" height=\"1000\" src=\"https:\/\/wgphoto.pl\/t\/wp-content\/uploads\/2024\/10\/0805-05.jpg\" alt=\"\" class=\"wp-image-3685\" srcset=\"http:\/\/wgphoto.pl\/t\/wp-content\/uploads\/2024\/10\/0805-05.jpg 750w, http:\/\/wgphoto.pl\/t\/wp-content\/uploads\/2024\/10\/0805-05-225x300.jpg 225w\" sizes=\"auto, (max-width: 750px) 100vw, 750px\" \/><\/figure>\n\n\n\n<div class=\"wp-block-group has-global-padding is-layout-constrained wp-block-group-is-layout-constrained\">\n<p>Mys\u0142owice, ul. Karola Szymanowskiego, z ko\u015bcio\u0142em pw. Narodzenia NMP w tle. Dopiero teraz patrz\u0105c na map\u0119 zauwa\u017cy\u0142em, \u017ce w tym miejscu znajduje si\u0119 centrum Mys\u0142owic, nieopodal jest te\u017c Rynek, na kt\u00f3rym, rzecz jasna, nie by\u0142em. 21.03.2008<\/p>\n<\/div>\n","protected":false},"excerpt":{"rendered":"<p>Mys\u0142owice, ul. Karola Szymanowskiego, z ko\u015bcio\u0142em pw. Narodzenia NMP w tle. Dopiero teraz patrz\u0105c na map\u0119 zauwa\u017cy\u0142em, \u017ce w tym miejscu znajduje si\u0119 centrum Mys\u0142owic, nieopodal jest te\u017c Rynek, na kt\u00f3rym, rzecz jasna, nie by\u0142em. 21.03.2008<\/p>\n","protected":false},"author":1,"featured_media":3685,"comment_status":"open","ping_status":"","sticky":false,"template":"","format":"standard","meta":{"footnotes":""},"categories":[62,128,120,3],"tags":[155,1463,277,1638,27,279],"class_list":["post-3684","post","type-post","status-publish","format-standard","has-post-thumbnail","hentry","category-analog","category-pionowe","category-rok-2008","category-tramwaj","tag-105na","tag-2008-03-21","tag-gop","tag-myslowice","tag-polska","tag-tramwaje-slaskie"],"_links":{"self":[{"href":"http:\/\/wgphoto.pl\/t\/index.php?rest_route=\/wp\/v2\/posts\/3684","targetHints":{"allow":["GET"]}}],"collection":[{"href":"http:\/\/wgphoto.pl\/t\/index.php?rest_route=\/wp\/v2\/posts"}],"about":[{"href":"http:\/\/wgphoto.pl\/t\/index.php?rest_route=\/wp\/v2\/types\/post"}],"author":[{"embeddable":true,"href":"http:\/\/wgphoto.pl\/t\/index.php?rest_route=\/wp\/v2\/users\/1"}],"replies":[{"embeddable":true,"href":"http:\/\/wgphoto.pl\/t\/index.php?rest_route=%2Fwp%2Fv2%2Fcomments&post=3684"}],"version-history":[{"count":1,"href":"http:\/\/wgphoto.pl\/t\/index.php?rest_route=\/wp\/v2\/posts\/3684\/revisions"}],"predecessor-version":[{"id":3686,"href":"http:\/\/wgphoto.pl\/t\/index.php?rest_route=\/wp\/v2\/posts\/3684\/revisions\/3686"}],"wp:featuredmedia":[{"embeddable":true,"href":"http:\/\/wgphoto.pl\/t\/index.php?rest_route=\/wp\/v2\/media\/3685"}],"wp:attachment":[{"href":"http:\/\/wgphoto.pl\/t\/index.php?rest_route=%2Fwp%2Fv2%2Fmedia&parent=3684"}],"wp:term":[{"taxonomy":"category","embeddable":true,"href":"http:\/\/wgphoto.pl\/t\/index.php?rest_route=%2Fwp%2Fv2%2Fcategories&post=3684"},{"taxonomy":"post_tag","embeddable":true,"href":"http:\/\/wgphoto.pl\/t\/index.php?rest_route=%2Fwp%2Fv2%2Ftags&post=3684"}],"curies":[{"name":"wp","href":"https:\/\/api.w.org\/{rel}","templated":true}]}}