{"id":3714,"date":"2024-10-23T18:58:23","date_gmt":"2024-10-23T16:58:23","guid":{"rendered":"https:\/\/wgphoto.pl\/t\/?p=3714"},"modified":"2024-10-23T18:58:23","modified_gmt":"2024-10-23T16:58:23","slug":"zmiana-pokolen","status":"publish","type":"post","link":"http:\/\/wgphoto.pl\/t\/?p=3714","title":{"rendered":"Zmiana pokole\u0144"},"content":{"rendered":"\n<figure class=\"wp-block-image aligncenter size-full\"><img loading=\"lazy\" decoding=\"async\" width=\"1200\" height=\"800\" src=\"https:\/\/wgphoto.pl\/t\/wp-content\/uploads\/2024\/10\/0524-25.jpg\" alt=\"\" class=\"wp-image-3715\" srcset=\"http:\/\/wgphoto.pl\/t\/wp-content\/uploads\/2024\/10\/0524-25.jpg 1200w, http:\/\/wgphoto.pl\/t\/wp-content\/uploads\/2024\/10\/0524-25-300x200.jpg 300w, http:\/\/wgphoto.pl\/t\/wp-content\/uploads\/2024\/10\/0524-25-768x512.jpg 768w\" sizes=\"auto, (max-width: 1200px) 100vw, 1200px\" \/><\/figure>\n\n\n\n<div class=\"wp-block-group has-global-padding is-layout-constrained wp-block-group-is-layout-constrained\">\n<p>Nysa. SU46-024 z poci\u0105giem osobowym 46131 K\u0119dzierzyn-Ko\u017ale &#8211; Kamieniec Z\u0105bkowicki i SA103-004 jako poci\u0105g 64138 z Nysy do K\u0119dzierzyna. 27.08.2005<\/p>\n<\/div>\n","protected":false},"excerpt":{"rendered":"<p>Nysa. SU46-024 z poci\u0105giem osobowym 46131 K\u0119dzierzyn-Ko\u017ale &#8211; Kamieniec Z\u0105bkowicki i SA103-004 jako poci\u0105g 64138 z Nysy do K\u0119dzierzyna. 27.08.2005<\/p>\n","protected":false},"author":1,"featured_media":3715,"comment_status":"open","ping_status":"","sticky":false,"template":"","format":"standard","meta":{"footnotes":""},"categories":[62,2,311],"tags":[804,389,1236,24,63,27,1643,84,319],"class_list":["post-3714","post","type-post","status-publish","format-standard","has-post-thumbnail","hentry","category-analog","category-kolej","category-rok-2005","tag-2005-08-27","tag-mijanka","tag-nysa","tag-perony","tag-pkp","tag-polska","tag-sa103","tag-su46","tag-tab-pl235"],"_links":{"self":[{"href":"http:\/\/wgphoto.pl\/t\/index.php?rest_route=\/wp\/v2\/posts\/3714","targetHints":{"allow":["GET"]}}],"collection":[{"href":"http:\/\/wgphoto.pl\/t\/index.php?rest_route=\/wp\/v2\/posts"}],"about":[{"href":"http:\/\/wgphoto.pl\/t\/index.php?rest_route=\/wp\/v2\/types\/post"}],"author":[{"embeddable":true,"href":"http:\/\/wgphoto.pl\/t\/index.php?rest_route=\/wp\/v2\/users\/1"}],"replies":[{"embeddable":true,"href":"http:\/\/wgphoto.pl\/t\/index.php?rest_route=%2Fwp%2Fv2%2Fcomments&post=3714"}],"version-history":[{"count":1,"href":"http:\/\/wgphoto.pl\/t\/index.php?rest_route=\/wp\/v2\/posts\/3714\/revisions"}],"predecessor-version":[{"id":3716,"href":"http:\/\/wgphoto.pl\/t\/index.php?rest_route=\/wp\/v2\/posts\/3714\/revisions\/3716"}],"wp:featuredmedia":[{"embeddable":true,"href":"http:\/\/wgphoto.pl\/t\/index.php?rest_route=\/wp\/v2\/media\/3715"}],"wp:attachment":[{"href":"http:\/\/wgphoto.pl\/t\/index.php?rest_route=%2Fwp%2Fv2%2Fmedia&parent=3714"}],"wp:term":[{"taxonomy":"category","embeddable":true,"href":"http:\/\/wgphoto.pl\/t\/index.php?rest_route=%2Fwp%2Fv2%2Fcategories&post=3714"},{"taxonomy":"post_tag","embeddable":true,"href":"http:\/\/wgphoto.pl\/t\/index.php?rest_route=%2Fwp%2Fv2%2Ftags&post=3714"}],"curies":[{"name":"wp","href":"https:\/\/api.w.org\/{rel}","templated":true}]}}