{"id":3717,"date":"2024-10-23T18:59:40","date_gmt":"2024-10-23T16:59:40","guid":{"rendered":"https:\/\/wgphoto.pl\/t\/?p=3717"},"modified":"2024-10-23T18:59:40","modified_gmt":"2024-10-23T16:59:40","slug":"840-004-6-liberec","status":"publish","type":"post","link":"http:\/\/wgphoto.pl\/t\/?p=3717","title":{"rendered":"840.004-6, Liberec"},"content":{"rendered":"\n<figure class=\"wp-block-image aligncenter size-full\"><img loading=\"lazy\" decoding=\"async\" width=\"1300\" height=\"861\" src=\"https:\/\/wgphoto.pl\/t\/wp-content\/uploads\/2024\/10\/IMGP7580.jpg\" alt=\"\" class=\"wp-image-3719\" srcset=\"http:\/\/wgphoto.pl\/t\/wp-content\/uploads\/2024\/10\/IMGP7580.jpg 1300w, http:\/\/wgphoto.pl\/t\/wp-content\/uploads\/2024\/10\/IMGP7580-300x199.jpg 300w, http:\/\/wgphoto.pl\/t\/wp-content\/uploads\/2024\/10\/IMGP7580-768x509.jpg 768w\" sizes=\"auto, (max-width: 1300px) 100vw, 1300px\" \/><\/figure>\n\n\n\n<div class=\"wp-block-group has-global-padding is-layout-constrained wp-block-group-is-layout-constrained\">\n<p>Poci\u0105g osobowy do Szklarskiej Por\u0119by G\u00f3rnej za par\u0119 minut odjedzie ze stacji pocz\u0105tkowej. Obok stoi wiekowe Desiro (nr 005) Arrivy jako poci\u0105g osobowy do Lomnicy nad Popelkou. Do takiego kadrowania sk\u0142oni\u0142o mnie zadaszenie peronu, a konkretniej jego podpory. 09.02.2020<\/p>\n<\/div>\n","protected":false},"excerpt":{"rendered":"<p>Poci\u0105g osobowy do Szklarskiej Por\u0119by G\u00f3rnej za par\u0119 minut odjedzie ze stacji pocz\u0105tkowej. Obok stoi wiekowe Desiro (nr 005) Arrivy jako poci\u0105g osobowy do Lomnicy nad Popelkou. Do takiego kadrowania sk\u0142oni\u0142o mnie zadaszenie peronu, a konkretniej jego podpory. 09.02.2020<\/p>\n","protected":false},"author":1,"featured_media":3719,"comment_status":"open","ping_status":"","sticky":false,"template":"","format":"standard","meta":{"footnotes":""},"categories":[2,676],"tags":[1644,1601,50,49,877,24,1599,936],"class_list":["post-3717","post","type-post","status-publish","format-standard","has-post-thumbnail","hentry","category-kolej","category-rok-2020","tag-2020-02-09","tag-1601","tag-cd","tag-czechy","tag-liberec","tag-perony","tag-stadler-regio-shuttle","tag-tab-cz036"],"_links":{"self":[{"href":"http:\/\/wgphoto.pl\/t\/index.php?rest_route=\/wp\/v2\/posts\/3717","targetHints":{"allow":["GET"]}}],"collection":[{"href":"http:\/\/wgphoto.pl\/t\/index.php?rest_route=\/wp\/v2\/posts"}],"about":[{"href":"http:\/\/wgphoto.pl\/t\/index.php?rest_route=\/wp\/v2\/types\/post"}],"author":[{"embeddable":true,"href":"http:\/\/wgphoto.pl\/t\/index.php?rest_route=\/wp\/v2\/users\/1"}],"replies":[{"embeddable":true,"href":"http:\/\/wgphoto.pl\/t\/index.php?rest_route=%2Fwp%2Fv2%2Fcomments&post=3717"}],"version-history":[{"count":1,"href":"http:\/\/wgphoto.pl\/t\/index.php?rest_route=\/wp\/v2\/posts\/3717\/revisions"}],"predecessor-version":[{"id":3720,"href":"http:\/\/wgphoto.pl\/t\/index.php?rest_route=\/wp\/v2\/posts\/3717\/revisions\/3720"}],"wp:featuredmedia":[{"embeddable":true,"href":"http:\/\/wgphoto.pl\/t\/index.php?rest_route=\/wp\/v2\/media\/3719"}],"wp:attachment":[{"href":"http:\/\/wgphoto.pl\/t\/index.php?rest_route=%2Fwp%2Fv2%2Fmedia&parent=3717"}],"wp:term":[{"taxonomy":"category","embeddable":true,"href":"http:\/\/wgphoto.pl\/t\/index.php?rest_route=%2Fwp%2Fv2%2Fcategories&post=3717"},{"taxonomy":"post_tag","embeddable":true,"href":"http:\/\/wgphoto.pl\/t\/index.php?rest_route=%2Fwp%2Fv2%2Ftags&post=3717"}],"curies":[{"name":"wp","href":"https:\/\/api.w.org\/{rel}","templated":true}]}}