{"id":3721,"date":"2024-10-23T19:00:50","date_gmt":"2024-10-23T17:00:50","guid":{"rendered":"https:\/\/wgphoto.pl\/t\/?p=3721"},"modified":"2024-10-23T19:00:50","modified_gmt":"2024-10-23T17:00:50","slug":"363-054-8-cheb","status":"publish","type":"post","link":"http:\/\/wgphoto.pl\/t\/?p=3721","title":{"rendered":"363.054-8, Cheb"},"content":{"rendered":"\n<figure class=\"wp-block-image aligncenter size-full\"><img loading=\"lazy\" decoding=\"async\" width=\"1300\" height=\"886\" src=\"https:\/\/wgphoto.pl\/t\/wp-content\/uploads\/2024\/10\/IMGP0166.jpg\" alt=\"\" class=\"wp-image-3722\" srcset=\"http:\/\/wgphoto.pl\/t\/wp-content\/uploads\/2024\/10\/IMGP0166.jpg 1300w, http:\/\/wgphoto.pl\/t\/wp-content\/uploads\/2024\/10\/IMGP0166-300x204.jpg 300w, http:\/\/wgphoto.pl\/t\/wp-content\/uploads\/2024\/10\/IMGP0166-768x523.jpg 768w\" sizes=\"auto, (max-width: 1300px) 100vw, 1300px\" \/><\/figure>\n\n\n\n<div class=\"wp-block-group has-global-padding is-layout-constrained wp-block-group-is-layout-constrained\">\n<p>Poci\u0105g pospieszny 38955 do Planej u Mari\u00e1nsk\u00fdch L\u00e1zn\u00ed (nominalnie do Pragi), ze wzgl\u0119du na prace torowe i skr\u00f3con\u0105 relacj\u0119 prowadzony wyj\u0105tkowo Eso, wkr\u00f3tce odjedzie z Chebu. 13.04.2011<\/p>\n<\/div>\n","protected":false},"excerpt":{"rendered":"<p>Poci\u0105g pospieszny 38955 do Planej u Mari\u00e1nsk\u00fdch L\u00e1zn\u00ed (nominalnie do Pragi), ze wzgl\u0119du na prace torowe i skr\u00f3con\u0105 relacj\u0119 prowadzony wyj\u0105tkowo Eso, wkr\u00f3tce odjedzie z Chebu. 13.04.2011<\/p>\n","protected":false},"author":1,"featured_media":3722,"comment_status":"open","ping_status":"","sticky":false,"template":"","format":"standard","meta":{"footnotes":""},"categories":[2,77],"tags":[752,51,50,1645,49,498],"class_list":["post-3721","post","type-post","status-publish","format-standard","has-post-thumbnail","hentry","category-kolej","category-rok-2011","tag-2011-04-13","tag-51","tag-cd","tag-cheb","tag-czechy","tag-tab-cz170"],"_links":{"self":[{"href":"http:\/\/wgphoto.pl\/t\/index.php?rest_route=\/wp\/v2\/posts\/3721","targetHints":{"allow":["GET"]}}],"collection":[{"href":"http:\/\/wgphoto.pl\/t\/index.php?rest_route=\/wp\/v2\/posts"}],"about":[{"href":"http:\/\/wgphoto.pl\/t\/index.php?rest_route=\/wp\/v2\/types\/post"}],"author":[{"embeddable":true,"href":"http:\/\/wgphoto.pl\/t\/index.php?rest_route=\/wp\/v2\/users\/1"}],"replies":[{"embeddable":true,"href":"http:\/\/wgphoto.pl\/t\/index.php?rest_route=%2Fwp%2Fv2%2Fcomments&post=3721"}],"version-history":[{"count":1,"href":"http:\/\/wgphoto.pl\/t\/index.php?rest_route=\/wp\/v2\/posts\/3721\/revisions"}],"predecessor-version":[{"id":3723,"href":"http:\/\/wgphoto.pl\/t\/index.php?rest_route=\/wp\/v2\/posts\/3721\/revisions\/3723"}],"wp:featuredmedia":[{"embeddable":true,"href":"http:\/\/wgphoto.pl\/t\/index.php?rest_route=\/wp\/v2\/media\/3722"}],"wp:attachment":[{"href":"http:\/\/wgphoto.pl\/t\/index.php?rest_route=%2Fwp%2Fv2%2Fmedia&parent=3721"}],"wp:term":[{"taxonomy":"category","embeddable":true,"href":"http:\/\/wgphoto.pl\/t\/index.php?rest_route=%2Fwp%2Fv2%2Fcategories&post=3721"},{"taxonomy":"post_tag","embeddable":true,"href":"http:\/\/wgphoto.pl\/t\/index.php?rest_route=%2Fwp%2Fv2%2Ftags&post=3721"}],"curies":[{"name":"wp","href":"https:\/\/api.w.org\/{rel}","templated":true}]}}