{"id":3737,"date":"2024-10-24T18:22:18","date_gmt":"2024-10-24T16:22:18","guid":{"rendered":"https:\/\/wgphoto.pl\/t\/?p=3737"},"modified":"2024-10-24T18:22:18","modified_gmt":"2024-10-24T16:22:18","slug":"mama-mancini","status":"publish","type":"post","link":"http:\/\/wgphoto.pl\/t\/?p=3737","title":{"rendered":"Mama Mancini"},"content":{"rendered":"\n<figure class=\"wp-block-image aligncenter size-full\"><img loading=\"lazy\" decoding=\"async\" width=\"750\" height=\"1000\" src=\"https:\/\/wgphoto.pl\/t\/wp-content\/uploads\/2024\/10\/IMGP7022-1.jpg\" alt=\"\" class=\"wp-image-3739\" srcset=\"http:\/\/wgphoto.pl\/t\/wp-content\/uploads\/2024\/10\/IMGP7022-1.jpg 750w, http:\/\/wgphoto.pl\/t\/wp-content\/uploads\/2024\/10\/IMGP7022-1-225x300.jpg 225w\" sizes=\"auto, (max-width: 750px) 100vw, 750px\" \/><\/figure>\n\n\n\n<div class=\"wp-block-group has-global-padding is-layout-constrained wp-block-group-is-layout-constrained\">\n<p>Rzym, Viale Pinturicchio. Tramwaj obs\u0142uguj\u0105cy najkr\u00f3tsz\u0105 lini\u0119 tramwajow\u0105 w mie\u015bcie (przelot rz\u0119du kilkunastu minut) zbli\u017ca si\u0119 do kra\u0144ca przy placu Antonia Manciniego, kt\u00f3rego nazwisko kojarzy mi si\u0119 bardziej z lini\u0105 produkt\u00f3w spo\u017cywczych z pewnego dyskontu. \ud83d\ude09 21.03.2012<\/p>\n<\/div>\n","protected":false},"excerpt":{"rendered":"<p>Rzym, Viale Pinturicchio. Tramwaj obs\u0142uguj\u0105cy najkr\u00f3tsz\u0105 lini\u0119 tramwajow\u0105 w mie\u015bcie (przelot rz\u0119du kilkunastu minut) zbli\u017ca si\u0119 do kra\u0144ca przy placu Antonia Manciniego, kt\u00f3rego nazwisko kojarzy mi si\u0119 bardziej z lini\u0105 produkt\u00f3w spo\u017cywczych z pewnego dyskontu. \ud83d\ude09 21.03.2012<\/p>\n","protected":false},"author":1,"featured_media":3739,"comment_status":"open","ping_status":"","sticky":false,"template":"","format":"standard","meta":{"footnotes":""},"categories":[128,46,3],"tags":[527,1029,1030,32,1031,223,110],"class_list":["post-3737","post","type-post","status-publish","format-standard","has-post-thumbnail","hentry","category-pionowe","category-rok-2012","category-tramwaj","tag-2012-03-21","tag-atac-roma","tag-fiat-cityway-i","tag-pionowe","tag-rzym","tag-symetria","tag-wlochy"],"_links":{"self":[{"href":"http:\/\/wgphoto.pl\/t\/index.php?rest_route=\/wp\/v2\/posts\/3737","targetHints":{"allow":["GET"]}}],"collection":[{"href":"http:\/\/wgphoto.pl\/t\/index.php?rest_route=\/wp\/v2\/posts"}],"about":[{"href":"http:\/\/wgphoto.pl\/t\/index.php?rest_route=\/wp\/v2\/types\/post"}],"author":[{"embeddable":true,"href":"http:\/\/wgphoto.pl\/t\/index.php?rest_route=\/wp\/v2\/users\/1"}],"replies":[{"embeddable":true,"href":"http:\/\/wgphoto.pl\/t\/index.php?rest_route=%2Fwp%2Fv2%2Fcomments&post=3737"}],"version-history":[{"count":1,"href":"http:\/\/wgphoto.pl\/t\/index.php?rest_route=\/wp\/v2\/posts\/3737\/revisions"}],"predecessor-version":[{"id":3740,"href":"http:\/\/wgphoto.pl\/t\/index.php?rest_route=\/wp\/v2\/posts\/3737\/revisions\/3740"}],"wp:featuredmedia":[{"embeddable":true,"href":"http:\/\/wgphoto.pl\/t\/index.php?rest_route=\/wp\/v2\/media\/3739"}],"wp:attachment":[{"href":"http:\/\/wgphoto.pl\/t\/index.php?rest_route=%2Fwp%2Fv2%2Fmedia&parent=3737"}],"wp:term":[{"taxonomy":"category","embeddable":true,"href":"http:\/\/wgphoto.pl\/t\/index.php?rest_route=%2Fwp%2Fv2%2Fcategories&post=3737"},{"taxonomy":"post_tag","embeddable":true,"href":"http:\/\/wgphoto.pl\/t\/index.php?rest_route=%2Fwp%2Fv2%2Ftags&post=3737"}],"curies":[{"name":"wp","href":"https:\/\/api.w.org\/{rel}","templated":true}]}}