{"id":3753,"date":"2024-10-24T18:29:14","date_gmt":"2024-10-24T16:29:14","guid":{"rendered":"https:\/\/wgphoto.pl\/t\/?p=3753"},"modified":"2024-10-24T18:29:14","modified_gmt":"2024-10-24T16:29:14","slug":"slonce-jezdzi-w-piatym-przedziale","status":"publish","type":"post","link":"http:\/\/wgphoto.pl\/t\/?p=3753","title":{"rendered":"S\u0142o\u0144ce je\u017adzi w pi\u0105tym przedziale"},"content":{"rendered":"\n<figure class=\"wp-block-image aligncenter size-full\"><img loading=\"lazy\" decoding=\"async\" width=\"1300\" height=\"867\" src=\"https:\/\/wgphoto.pl\/t\/wp-content\/uploads\/2024\/10\/0304-032A.jpg\" alt=\"\" class=\"wp-image-3754\" srcset=\"http:\/\/wgphoto.pl\/t\/wp-content\/uploads\/2024\/10\/0304-032A.jpg 1300w, http:\/\/wgphoto.pl\/t\/wp-content\/uploads\/2024\/10\/0304-032A-300x200.jpg 300w, http:\/\/wgphoto.pl\/t\/wp-content\/uploads\/2024\/10\/0304-032A-768x512.jpg 768w\" sizes=\"auto, (max-width: 1300px) 100vw, 1300px\" \/><\/figure>\n\n\n\n<div class=\"wp-block-group has-global-padding is-layout-constrained wp-block-group-is-layout-constrained\">\n<p>EU07-161(?) z poci\u0105giem pospiesznym 65101 &#8222;Szklarka&#8221; ze Szklarskiej Por\u0119by do Bydgoszczy mija o zachodzie s\u0142o\u0144ca wroc\u0142awskie \u015awiniary. 13.02.2003<\/p>\n<\/div>\n","protected":false},"excerpt":{"rendered":"<p>EU07-161(?) z poci\u0105giem pospiesznym 65101 &#8222;Szklarka&#8221; ze Szklarskiej Por\u0119by do Bydgoszczy mija o zachodzie s\u0142o\u0144ca wroc\u0142awskie \u015awiniary. 13.02.2003<\/p>\n","protected":false},"author":1,"featured_media":3754,"comment_status":"open","ping_status":"","sticky":false,"template":"","format":"standard","meta":{"footnotes":""},"categories":[62,2,149],"tags":[1653,122,63,27,181,190,41,191,843],"class_list":["post-3753","post","type-post","status-publish","format-standard","has-post-thumbnail","hentry","category-analog","category-kolej","category-rok-2003","tag-2003-02-13","tag-eu07","tag-pkp","tag-polska","tag-slonce","tag-tab-pl330","tag-wroclaw","tag-wroclaw-osobowice","tag-wroclaw-swiniary"],"_links":{"self":[{"href":"http:\/\/wgphoto.pl\/t\/index.php?rest_route=\/wp\/v2\/posts\/3753","targetHints":{"allow":["GET"]}}],"collection":[{"href":"http:\/\/wgphoto.pl\/t\/index.php?rest_route=\/wp\/v2\/posts"}],"about":[{"href":"http:\/\/wgphoto.pl\/t\/index.php?rest_route=\/wp\/v2\/types\/post"}],"author":[{"embeddable":true,"href":"http:\/\/wgphoto.pl\/t\/index.php?rest_route=\/wp\/v2\/users\/1"}],"replies":[{"embeddable":true,"href":"http:\/\/wgphoto.pl\/t\/index.php?rest_route=%2Fwp%2Fv2%2Fcomments&post=3753"}],"version-history":[{"count":1,"href":"http:\/\/wgphoto.pl\/t\/index.php?rest_route=\/wp\/v2\/posts\/3753\/revisions"}],"predecessor-version":[{"id":3755,"href":"http:\/\/wgphoto.pl\/t\/index.php?rest_route=\/wp\/v2\/posts\/3753\/revisions\/3755"}],"wp:featuredmedia":[{"embeddable":true,"href":"http:\/\/wgphoto.pl\/t\/index.php?rest_route=\/wp\/v2\/media\/3754"}],"wp:attachment":[{"href":"http:\/\/wgphoto.pl\/t\/index.php?rest_route=%2Fwp%2Fv2%2Fmedia&parent=3753"}],"wp:term":[{"taxonomy":"category","embeddable":true,"href":"http:\/\/wgphoto.pl\/t\/index.php?rest_route=%2Fwp%2Fv2%2Fcategories&post=3753"},{"taxonomy":"post_tag","embeddable":true,"href":"http:\/\/wgphoto.pl\/t\/index.php?rest_route=%2Fwp%2Fv2%2Ftags&post=3753"}],"curies":[{"name":"wp","href":"https:\/\/api.w.org\/{rel}","templated":true}]}}