{"id":3756,"date":"2024-10-24T18:30:29","date_gmt":"2024-10-24T16:30:29","guid":{"rendered":"https:\/\/wgphoto.pl\/t\/?p=3756"},"modified":"2024-10-24T18:30:29","modified_gmt":"2024-10-24T16:30:29","slug":"niemal-klasycznie","status":"publish","type":"post","link":"http:\/\/wgphoto.pl\/t\/?p=3756","title":{"rendered":"Niemal klasycznie"},"content":{"rendered":"\n<figure class=\"wp-block-image aligncenter size-full\"><img loading=\"lazy\" decoding=\"async\" width=\"1300\" height=\"861\" src=\"https:\/\/wgphoto.pl\/t\/wp-content\/uploads\/2024\/10\/IMGP7057.jpg\" alt=\"\" class=\"wp-image-3757\" srcset=\"http:\/\/wgphoto.pl\/t\/wp-content\/uploads\/2024\/10\/IMGP7057.jpg 1300w, http:\/\/wgphoto.pl\/t\/wp-content\/uploads\/2024\/10\/IMGP7057-300x199.jpg 300w, http:\/\/wgphoto.pl\/t\/wp-content\/uploads\/2024\/10\/IMGP7057-768x509.jpg 768w\" sizes=\"auto, (max-width: 1300px) 100vw, 1300px\" \/><\/figure>\n\n\n\n<div class=\"wp-block-group has-global-padding is-layout-constrained wp-block-group-is-layout-constrained\">\n<p>Nied\u0142ugo przed wykonaniem zdj\u0119cia tramwaj przeszed\u0142 ma\u0142y lifting, r\u00f3wnie\u017c wewn\u0105trz. Prezentuje si\u0119 to bardzo dobrze, zachowano wszystkie charakterystyczne elementy, \u0142\u0105cznie z tym, \u017ce krakowianom uda\u0142o si\u0119 sk\u0105d\u015b wykopa\u0107 oryginaln\u0105 wiede\u0144sk\u0105 wyk\u0142adzin\u0119. 21.12.2019<\/p>\n<\/div>\n","protected":false},"excerpt":{"rendered":"<p>Nied\u0142ugo przed wykonaniem zdj\u0119cia tramwaj przeszed\u0142 ma\u0142y lifting, r\u00f3wnie\u017c wewn\u0105trz. Prezentuje si\u0119 to bardzo dobrze, zachowano wszystkie charakterystyczne elementy, \u0142\u0105cznie z tym, \u017ce krakowianom uda\u0142o si\u0119 sk\u0105d\u015b wykopa\u0107 oryginaln\u0105 wiede\u0144sk\u0105 wyk\u0142adzin\u0119. 21.12.2019<\/p>\n","protected":false},"author":1,"featured_media":3757,"comment_status":"open","ping_status":"","sticky":false,"template":"","format":"standard","meta":{"footnotes":""},"categories":[220,136,3],"tags":[1654,102,101,664,663,27,454],"class_list":["post-3756","post","type-post","status-publish","format-standard","has-post-thumbnail","hentry","category-blo","category-rok-2019","category-tramwaj","tag-2019-12-21","tag-e1","tag-gt6","tag-krakow","tag-mpk-krakow","tag-polska","tag-wnetrza-pojazdow"],"_links":{"self":[{"href":"http:\/\/wgphoto.pl\/t\/index.php?rest_route=\/wp\/v2\/posts\/3756","targetHints":{"allow":["GET"]}}],"collection":[{"href":"http:\/\/wgphoto.pl\/t\/index.php?rest_route=\/wp\/v2\/posts"}],"about":[{"href":"http:\/\/wgphoto.pl\/t\/index.php?rest_route=\/wp\/v2\/types\/post"}],"author":[{"embeddable":true,"href":"http:\/\/wgphoto.pl\/t\/index.php?rest_route=\/wp\/v2\/users\/1"}],"replies":[{"embeddable":true,"href":"http:\/\/wgphoto.pl\/t\/index.php?rest_route=%2Fwp%2Fv2%2Fcomments&post=3756"}],"version-history":[{"count":1,"href":"http:\/\/wgphoto.pl\/t\/index.php?rest_route=\/wp\/v2\/posts\/3756\/revisions"}],"predecessor-version":[{"id":3758,"href":"http:\/\/wgphoto.pl\/t\/index.php?rest_route=\/wp\/v2\/posts\/3756\/revisions\/3758"}],"wp:featuredmedia":[{"embeddable":true,"href":"http:\/\/wgphoto.pl\/t\/index.php?rest_route=\/wp\/v2\/media\/3757"}],"wp:attachment":[{"href":"http:\/\/wgphoto.pl\/t\/index.php?rest_route=%2Fwp%2Fv2%2Fmedia&parent=3756"}],"wp:term":[{"taxonomy":"category","embeddable":true,"href":"http:\/\/wgphoto.pl\/t\/index.php?rest_route=%2Fwp%2Fv2%2Fcategories&post=3756"},{"taxonomy":"post_tag","embeddable":true,"href":"http:\/\/wgphoto.pl\/t\/index.php?rest_route=%2Fwp%2Fv2%2Ftags&post=3756"}],"curies":[{"name":"wp","href":"https:\/\/api.w.org\/{rel}","templated":true}]}}