{"id":3765,"date":"2024-10-24T18:33:32","date_gmt":"2024-10-24T16:33:32","guid":{"rendered":"https:\/\/wgphoto.pl\/t\/?p=3765"},"modified":"2024-10-24T18:33:32","modified_gmt":"2024-10-24T16:33:32","slug":"poprad","status":"publish","type":"post","link":"http:\/\/wgphoto.pl\/t\/?p=3765","title":{"rendered":"Poprad"},"content":{"rendered":"\n<figure class=\"wp-block-image aligncenter size-full\"><img loading=\"lazy\" decoding=\"async\" width=\"1300\" height=\"861\" src=\"https:\/\/wgphoto.pl\/t\/wp-content\/uploads\/2024\/10\/IMGP4791.jpg\" alt=\"\" class=\"wp-image-3766\" srcset=\"http:\/\/wgphoto.pl\/t\/wp-content\/uploads\/2024\/10\/IMGP4791.jpg 1300w, http:\/\/wgphoto.pl\/t\/wp-content\/uploads\/2024\/10\/IMGP4791-300x199.jpg 300w, http:\/\/wgphoto.pl\/t\/wp-content\/uploads\/2024\/10\/IMGP4791-768x509.jpg 768w\" sizes=\"auto, (max-width: 1300px) 100vw, 1300px\" \/><\/figure>\n\n\n\n<div class=\"wp-block-group has-global-padding is-layout-constrained wp-block-group-is-layout-constrained\">\n<p>\u017b\u00f3\u0142to-zielony klasyk 163.109-2 rozpoczyna nocowanie w Popradzie. Coraz mniej Perszing\u00f3w w tym malowaniu mo\u017cna jeszcze spotka\u0107. Sama za\u015b stacja w szczycie sezonu turystycznego wieczorem \u015bwieci pustkami. 15.08.2019<\/p>\n<\/div>\n","protected":false},"excerpt":{"rendered":"<p>\u017b\u00f3\u0142to-zielony klasyk 163.109-2 rozpoczyna nocowanie w Popradzie. Coraz mniej Perszing\u00f3w w tym malowaniu mo\u017cna jeszcze spotka\u0107. Sama za\u015b stacja w szczycie sezonu turystycznego wieczorem \u015bwieci pustkami. 15.08.2019<\/p>\n","protected":false},"author":1,"featured_media":3766,"comment_status":"open","ping_status":"","sticky":false,"template":"","format":"standard","meta":{"footnotes":""},"categories":[2,136],"tags":[1401,1163,91,24,1655,1168,675,90,469],"class_list":["post-3765","post","type-post","status-publish","format-standard","has-post-thumbnail","hentry","category-kolej","category-rok-2019","tag-1401","tag-2019-08-15","tag-blue-hour","tag-perony","tag-poprad-tatry","tag-sierpniowka-2019","tag-slowacja","tag-wieczorem","tag-zssk"],"_links":{"self":[{"href":"http:\/\/wgphoto.pl\/t\/index.php?rest_route=\/wp\/v2\/posts\/3765","targetHints":{"allow":["GET"]}}],"collection":[{"href":"http:\/\/wgphoto.pl\/t\/index.php?rest_route=\/wp\/v2\/posts"}],"about":[{"href":"http:\/\/wgphoto.pl\/t\/index.php?rest_route=\/wp\/v2\/types\/post"}],"author":[{"embeddable":true,"href":"http:\/\/wgphoto.pl\/t\/index.php?rest_route=\/wp\/v2\/users\/1"}],"replies":[{"embeddable":true,"href":"http:\/\/wgphoto.pl\/t\/index.php?rest_route=%2Fwp%2Fv2%2Fcomments&post=3765"}],"version-history":[{"count":1,"href":"http:\/\/wgphoto.pl\/t\/index.php?rest_route=\/wp\/v2\/posts\/3765\/revisions"}],"predecessor-version":[{"id":3767,"href":"http:\/\/wgphoto.pl\/t\/index.php?rest_route=\/wp\/v2\/posts\/3765\/revisions\/3767"}],"wp:featuredmedia":[{"embeddable":true,"href":"http:\/\/wgphoto.pl\/t\/index.php?rest_route=\/wp\/v2\/media\/3766"}],"wp:attachment":[{"href":"http:\/\/wgphoto.pl\/t\/index.php?rest_route=%2Fwp%2Fv2%2Fmedia&parent=3765"}],"wp:term":[{"taxonomy":"category","embeddable":true,"href":"http:\/\/wgphoto.pl\/t\/index.php?rest_route=%2Fwp%2Fv2%2Fcategories&post=3765"},{"taxonomy":"post_tag","embeddable":true,"href":"http:\/\/wgphoto.pl\/t\/index.php?rest_route=%2Fwp%2Fv2%2Ftags&post=3765"}],"curies":[{"name":"wp","href":"https:\/\/api.w.org\/{rel}","templated":true}]}}