{"id":3768,"date":"2024-10-24T18:34:45","date_gmt":"2024-10-24T16:34:45","guid":{"rendered":"https:\/\/wgphoto.pl\/t\/?p=3768"},"modified":"2024-10-24T18:34:45","modified_gmt":"2024-10-24T16:34:45","slug":"poprad-13-minut-pozniej","status":"publish","type":"post","link":"http:\/\/wgphoto.pl\/t\/?p=3768","title":{"rendered":"Poprad 13 minut p\u00f3\u017aniej"},"content":{"rendered":"\n<figure class=\"wp-block-image aligncenter size-full\"><img loading=\"lazy\" decoding=\"async\" width=\"1300\" height=\"867\" src=\"https:\/\/wgphoto.pl\/t\/wp-content\/uploads\/2024\/10\/IMGP4796-1.jpg\" alt=\"\" class=\"wp-image-3770\" srcset=\"http:\/\/wgphoto.pl\/t\/wp-content\/uploads\/2024\/10\/IMGP4796-1.jpg 1300w, http:\/\/wgphoto.pl\/t\/wp-content\/uploads\/2024\/10\/IMGP4796-1-300x200.jpg 300w, http:\/\/wgphoto.pl\/t\/wp-content\/uploads\/2024\/10\/IMGP4796-1-768x512.jpg 768w\" sizes=\"auto, (max-width: 1300px) 100vw, 1300px\" \/><\/figure>\n\n\n\n<div class=\"wp-block-group has-global-padding is-layout-constrained wp-block-group-is-layout-constrained\">\n<p>Na stacji Poprad-Tatry zatrzyma\u0142 si\u0119 regionalny rychlik RR764 &#8222;Cassovia&#8221; z Koszyc do Trenczyna, prowadzony Vectronem 383.109-6. W niedziele poci\u0105g kursuje a\u017c do Bratys\u0142awy, b\u0119d\u0105c ostatnim dziennym w dobie, z przyjazdem ju\u017c po p\u00f3\u0142nocy. Po lewej stronie widoczna jest pocz\u0105tkowa stacja tatrza\u0144skiej w\u0105skotor\u00f3wki. 15.08.2019<\/p>\n<\/div>\n","protected":false},"excerpt":{"rendered":"<p>Na stacji Poprad-Tatry zatrzyma\u0142 si\u0119 regionalny rychlik RR764 &#8222;Cassovia&#8221; z Koszyc do Trenczyna, prowadzony Vectronem 383.109-6. W niedziele poci\u0105g kursuje a\u017c do Bratys\u0142awy, b\u0119d\u0105c ostatnim dziennym w dobie, z przyjazdem ju\u017c po p\u00f3\u0142nocy. Po lewej stronie widoczna jest pocz\u0105tkowa stacja tatrza\u0144skiej w\u0105skotor\u00f3wki. 15.08.2019<\/p>\n","protected":false},"author":1,"featured_media":3770,"comment_status":"open","ping_status":"","sticky":false,"template":"","format":"standard","meta":{"footnotes":""},"categories":[2,136],"tags":[1163,672,91,24,1655,567,1168,675,90,469],"class_list":["post-3768","post","type-post","status-publish","format-standard","has-post-thumbnail","hentry","category-kolej","category-rok-2019","tag-2019-08-15","tag-672","tag-blue-hour","tag-perony","tag-poprad-tatry","tag-siemens-vectron","tag-sierpniowka-2019","tag-slowacja","tag-wieczorem","tag-zssk"],"_links":{"self":[{"href":"http:\/\/wgphoto.pl\/t\/index.php?rest_route=\/wp\/v2\/posts\/3768","targetHints":{"allow":["GET"]}}],"collection":[{"href":"http:\/\/wgphoto.pl\/t\/index.php?rest_route=\/wp\/v2\/posts"}],"about":[{"href":"http:\/\/wgphoto.pl\/t\/index.php?rest_route=\/wp\/v2\/types\/post"}],"author":[{"embeddable":true,"href":"http:\/\/wgphoto.pl\/t\/index.php?rest_route=\/wp\/v2\/users\/1"}],"replies":[{"embeddable":true,"href":"http:\/\/wgphoto.pl\/t\/index.php?rest_route=%2Fwp%2Fv2%2Fcomments&post=3768"}],"version-history":[{"count":1,"href":"http:\/\/wgphoto.pl\/t\/index.php?rest_route=\/wp\/v2\/posts\/3768\/revisions"}],"predecessor-version":[{"id":3771,"href":"http:\/\/wgphoto.pl\/t\/index.php?rest_route=\/wp\/v2\/posts\/3768\/revisions\/3771"}],"wp:featuredmedia":[{"embeddable":true,"href":"http:\/\/wgphoto.pl\/t\/index.php?rest_route=\/wp\/v2\/media\/3770"}],"wp:attachment":[{"href":"http:\/\/wgphoto.pl\/t\/index.php?rest_route=%2Fwp%2Fv2%2Fmedia&parent=3768"}],"wp:term":[{"taxonomy":"category","embeddable":true,"href":"http:\/\/wgphoto.pl\/t\/index.php?rest_route=%2Fwp%2Fv2%2Fcategories&post=3768"},{"taxonomy":"post_tag","embeddable":true,"href":"http:\/\/wgphoto.pl\/t\/index.php?rest_route=%2Fwp%2Fv2%2Ftags&post=3768"}],"curies":[{"name":"wp","href":"https:\/\/api.w.org\/{rel}","templated":true}]}}