{"id":3775,"date":"2024-10-24T18:38:08","date_gmt":"2024-10-24T16:38:08","guid":{"rendered":"https:\/\/wgphoto.pl\/t\/?p=3775"},"modified":"2024-10-24T20:41:38","modified_gmt":"2024-10-24T18:41:38","slug":"po-zebach-do-celu","status":"publish","type":"post","link":"http:\/\/wgphoto.pl\/t\/?p=3775","title":{"rendered":"Po z\u0119bach do celu"},"content":{"rendered":"\n<figure class=\"wp-block-image aligncenter size-full\"><img loading=\"lazy\" decoding=\"async\" width=\"1300\" height=\"861\" src=\"https:\/\/wgphoto.pl\/t\/wp-content\/uploads\/2024\/10\/IMGP4659.jpg\" alt=\"\" class=\"wp-image-3776\" srcset=\"http:\/\/wgphoto.pl\/t\/wp-content\/uploads\/2024\/10\/IMGP4659.jpg 1300w, http:\/\/wgphoto.pl\/t\/wp-content\/uploads\/2024\/10\/IMGP4659-300x199.jpg 300w, http:\/\/wgphoto.pl\/t\/wp-content\/uploads\/2024\/10\/IMGP4659-768x509.jpg 768w\" sizes=\"auto, (max-width: 1300px) 100vw, 1300px\" \/><\/figure>\n\n\n\n<div class=\"wp-block-group has-global-padding is-layout-constrained wp-block-group-is-layout-constrained\">\n<p>Jednostka 405\/905.953 jako poci\u0105g osobowy 8064 wspina si\u0119 ze \u0160trby do \u0160trbsk\u00e9ho Plesa. Niespe\u0142na 5-kilometrowa trasa o przewy\u017cszeniu 444 m i maksymalnym pochyleniu 150\u2030 \u0142\u0105czy stacj\u0119 \u0160trba na linii koszycko-bogumi\u0144skiej z turystyczn\u0105 miejscowo\u015bci\u0105 w Tatrach, dok\u0105d docieraj\u0105 r\u00f3wnie\u017c elektryczne w\u0105skotor\u00f3wki (nie z\u0119bate) z Popradu. Lini\u0119 zbudowano w 1986 roku i zelektryfikowano w roku 1970 przed mistrzostwami \u015bwiata w narciarstwie. 15.08.2019<\/p>\n<\/div>\n","protected":false},"excerpt":{"rendered":"<p>Jednostka 405\/905.953 jako poci\u0105g osobowy 8064 wspina si\u0119 ze \u0160trby do \u0160trbsk\u00e9ho Plesa. Niespe\u0142na 5-kilometrowa trasa o przewy\u017cszeniu 444 m i maksymalnym pochyleniu 150\u2030 \u0142\u0105czy stacj\u0119 \u0160trba na linii koszycko-bogumi\u0144skiej z turystyczn\u0105 miejscowo\u015bci\u0105 w Tatrach, dok\u0105d docieraj\u0105 r\u00f3wnie\u017c elektryczne w\u0105skotor\u00f3wki (nie z\u0119bate) z Popradu. Lini\u0119 zbudowano w 1986 roku i zelektryfikowano w roku 1970 przed [&hellip;]<\/p>\n","protected":false},"author":1,"featured_media":3776,"comment_status":"open","ping_status":"","sticky":false,"template":"","format":"standard","meta":{"footnotes":""},"categories":[2,136],"tags":[1163,1257,114,113,1258,1168,675,1260,1259,1255,469],"class_list":["post-3775","post","type-post","status-publish","format-standard","has-post-thumbnail","hentry","category-kolej","category-rok-2019","tag-2019-08-15","tag-1257","tag-gory","tag-landszaft","tag-oz","tag-sierpniowka-2019","tag-slowacja","tag-strbske-pleso","tag-tatransky-lieskovec","tag-zebatka","tag-zssk"],"_links":{"self":[{"href":"http:\/\/wgphoto.pl\/t\/index.php?rest_route=\/wp\/v2\/posts\/3775","targetHints":{"allow":["GET"]}}],"collection":[{"href":"http:\/\/wgphoto.pl\/t\/index.php?rest_route=\/wp\/v2\/posts"}],"about":[{"href":"http:\/\/wgphoto.pl\/t\/index.php?rest_route=\/wp\/v2\/types\/post"}],"author":[{"embeddable":true,"href":"http:\/\/wgphoto.pl\/t\/index.php?rest_route=\/wp\/v2\/users\/1"}],"replies":[{"embeddable":true,"href":"http:\/\/wgphoto.pl\/t\/index.php?rest_route=%2Fwp%2Fv2%2Fcomments&post=3775"}],"version-history":[{"count":1,"href":"http:\/\/wgphoto.pl\/t\/index.php?rest_route=\/wp\/v2\/posts\/3775\/revisions"}],"predecessor-version":[{"id":3777,"href":"http:\/\/wgphoto.pl\/t\/index.php?rest_route=\/wp\/v2\/posts\/3775\/revisions\/3777"}],"wp:featuredmedia":[{"embeddable":true,"href":"http:\/\/wgphoto.pl\/t\/index.php?rest_route=\/wp\/v2\/media\/3776"}],"wp:attachment":[{"href":"http:\/\/wgphoto.pl\/t\/index.php?rest_route=%2Fwp%2Fv2%2Fmedia&parent=3775"}],"wp:term":[{"taxonomy":"category","embeddable":true,"href":"http:\/\/wgphoto.pl\/t\/index.php?rest_route=%2Fwp%2Fv2%2Fcategories&post=3775"},{"taxonomy":"post_tag","embeddable":true,"href":"http:\/\/wgphoto.pl\/t\/index.php?rest_route=%2Fwp%2Fv2%2Ftags&post=3775"}],"curies":[{"name":"wp","href":"https:\/\/api.w.org\/{rel}","templated":true}]}}