{"id":3797,"date":"2024-10-24T18:46:54","date_gmt":"2024-10-24T16:46:54","guid":{"rendered":"https:\/\/wgphoto.pl\/t\/?p=3797"},"modified":"2024-11-29T19:02:25","modified_gmt":"2024-11-29T18:02:25","slug":"wszyscy-lubimy-niebieski","status":"publish","type":"post","link":"http:\/\/wgphoto.pl\/t\/?p=3797","title":{"rendered":"Wszyscy lubimy niebieski"},"content":{"rendered":"\n<figure class=\"wp-block-image aligncenter size-full\"><img loading=\"lazy\" decoding=\"async\" width=\"1300\" height=\"861\" src=\"https:\/\/wgphoto.pl\/t\/wp-content\/uploads\/2024\/10\/IMGP6926.jpg\" alt=\"\" class=\"wp-image-3798\" srcset=\"http:\/\/wgphoto.pl\/t\/wp-content\/uploads\/2024\/10\/IMGP6926.jpg 1300w, http:\/\/wgphoto.pl\/t\/wp-content\/uploads\/2024\/10\/IMGP6926-300x199.jpg 300w, http:\/\/wgphoto.pl\/t\/wp-content\/uploads\/2024\/10\/IMGP6926-768x509.jpg 768w\" sizes=\"auto, (max-width: 1300px) 100vw, 1300px\" \/><\/figure>\n\n\n\n<div class=\"wp-block-group has-global-padding is-layout-constrained wp-block-group-is-layout-constrained\">\n<p>EU07-324 z op\u00f3\u017anionym o p\u00f3\u0142 godziny IC do Bia\u0142egostoku wje\u017cd\u017ca w perony Warszawy Centralnej. 04.10.2016<\/p>\n<\/div>\n","protected":false},"excerpt":{"rendered":"<p>EU07-324 z op\u00f3\u017anionym o p\u00f3\u0142 godziny IC do Bia\u0142egostoku wje\u017cd\u017ca w perony Warszawy Centralnej. 04.10.2016<\/p>\n","protected":false},"author":1,"featured_media":3798,"comment_status":"open","ping_status":"","sticky":false,"template":"","format":"standard","meta":{"footnotes":""},"categories":[2,125],"tags":[1668,2447,122,63,27,1669,15,931,954,1667],"class_list":["post-3797","post","type-post","status-publish","format-standard","has-post-thumbnail","hentry","category-kolej","category-rok-2016","tag-2016-10-04","tag-dworzec-glowny-w-stolicy","tag-eu07","tag-pkp","tag-polska","tag-tab-pl600","tag-tunel","tag-turcja-2016","tag-warszawa","tag-warszawa-centralna"],"_links":{"self":[{"href":"http:\/\/wgphoto.pl\/t\/index.php?rest_route=\/wp\/v2\/posts\/3797","targetHints":{"allow":["GET"]}}],"collection":[{"href":"http:\/\/wgphoto.pl\/t\/index.php?rest_route=\/wp\/v2\/posts"}],"about":[{"href":"http:\/\/wgphoto.pl\/t\/index.php?rest_route=\/wp\/v2\/types\/post"}],"author":[{"embeddable":true,"href":"http:\/\/wgphoto.pl\/t\/index.php?rest_route=\/wp\/v2\/users\/1"}],"replies":[{"embeddable":true,"href":"http:\/\/wgphoto.pl\/t\/index.php?rest_route=%2Fwp%2Fv2%2Fcomments&post=3797"}],"version-history":[{"count":1,"href":"http:\/\/wgphoto.pl\/t\/index.php?rest_route=\/wp\/v2\/posts\/3797\/revisions"}],"predecessor-version":[{"id":3799,"href":"http:\/\/wgphoto.pl\/t\/index.php?rest_route=\/wp\/v2\/posts\/3797\/revisions\/3799"}],"wp:featuredmedia":[{"embeddable":true,"href":"http:\/\/wgphoto.pl\/t\/index.php?rest_route=\/wp\/v2\/media\/3798"}],"wp:attachment":[{"href":"http:\/\/wgphoto.pl\/t\/index.php?rest_route=%2Fwp%2Fv2%2Fmedia&parent=3797"}],"wp:term":[{"taxonomy":"category","embeddable":true,"href":"http:\/\/wgphoto.pl\/t\/index.php?rest_route=%2Fwp%2Fv2%2Fcategories&post=3797"},{"taxonomy":"post_tag","embeddable":true,"href":"http:\/\/wgphoto.pl\/t\/index.php?rest_route=%2Fwp%2Fv2%2Ftags&post=3797"}],"curies":[{"name":"wp","href":"https:\/\/api.w.org\/{rel}","templated":true}]}}