{"id":3800,"date":"2024-10-24T18:48:00","date_gmt":"2024-10-24T16:48:00","guid":{"rendered":"https:\/\/wgphoto.pl\/t\/?p=3800"},"modified":"2024-10-24T18:48:00","modified_gmt":"2024-10-24T16:48:00","slug":"pocztowka-z-warszawy","status":"publish","type":"post","link":"http:\/\/wgphoto.pl\/t\/?p=3800","title":{"rendered":"Poczt\u00f3wka z Warszawy"},"content":{"rendered":"\n<figure class=\"wp-block-image aligncenter size-full\"><img loading=\"lazy\" decoding=\"async\" width=\"1300\" height=\"861\" src=\"https:\/\/wgphoto.pl\/t\/wp-content\/uploads\/2024\/10\/IMGP6920-1.jpg\" alt=\"\" class=\"wp-image-3802\" srcset=\"http:\/\/wgphoto.pl\/t\/wp-content\/uploads\/2024\/10\/IMGP6920-1.jpg 1300w, http:\/\/wgphoto.pl\/t\/wp-content\/uploads\/2024\/10\/IMGP6920-1-300x199.jpg 300w, http:\/\/wgphoto.pl\/t\/wp-content\/uploads\/2024\/10\/IMGP6920-1-768x509.jpg 768w\" sizes=\"auto, (max-width: 1300px) 100vw, 1300px\" \/><\/figure>\n\n\n\n<div class=\"wp-block-group has-global-padding is-layout-constrained wp-block-group-is-layout-constrained\">\n<p>Warszawa, rondo Romana Dmowskiego. Turecki tag pod tym (i s\u0105siednim) zdj\u0119ciem jest celowy, bowiem gdyby nie Turcja, gdzie wyl\u0105duj\u0119 za kilkana\u015bcie godzin, nie pojawi\u0142bym si\u0119 wtedy w Warszawie. 04.10.2016<\/p>\n<\/div>\n","protected":false},"excerpt":{"rendered":"<p>Warszawa, rondo Romana Dmowskiego. Turecki tag pod tym (i s\u0105siednim) zdj\u0119ciem jest celowy, bowiem gdyby nie Turcja, gdzie wyl\u0105duj\u0119 za kilkana\u015bcie godzin, nie pojawi\u0142bym si\u0119 wtedy w Warszawie. 04.10.2016<\/p>\n","protected":false},"author":1,"featured_media":3802,"comment_status":"open","ping_status":"","sticky":false,"template":"","format":"standard","meta":{"footnotes":""},"categories":[125,3],"tags":[155,1668,34,27,953,931,954],"class_list":["post-3800","post","type-post","status-publish","format-standard","has-post-thumbnail","hentry","category-rok-2016","category-tramwaj","tag-105na","tag-2016-10-04","tag-architektura","tag-polska","tag-tramwaje-warszawskie","tag-turcja-2016","tag-warszawa"],"_links":{"self":[{"href":"http:\/\/wgphoto.pl\/t\/index.php?rest_route=\/wp\/v2\/posts\/3800","targetHints":{"allow":["GET"]}}],"collection":[{"href":"http:\/\/wgphoto.pl\/t\/index.php?rest_route=\/wp\/v2\/posts"}],"about":[{"href":"http:\/\/wgphoto.pl\/t\/index.php?rest_route=\/wp\/v2\/types\/post"}],"author":[{"embeddable":true,"href":"http:\/\/wgphoto.pl\/t\/index.php?rest_route=\/wp\/v2\/users\/1"}],"replies":[{"embeddable":true,"href":"http:\/\/wgphoto.pl\/t\/index.php?rest_route=%2Fwp%2Fv2%2Fcomments&post=3800"}],"version-history":[{"count":1,"href":"http:\/\/wgphoto.pl\/t\/index.php?rest_route=\/wp\/v2\/posts\/3800\/revisions"}],"predecessor-version":[{"id":3803,"href":"http:\/\/wgphoto.pl\/t\/index.php?rest_route=\/wp\/v2\/posts\/3800\/revisions\/3803"}],"wp:featuredmedia":[{"embeddable":true,"href":"http:\/\/wgphoto.pl\/t\/index.php?rest_route=\/wp\/v2\/media\/3802"}],"wp:attachment":[{"href":"http:\/\/wgphoto.pl\/t\/index.php?rest_route=%2Fwp%2Fv2%2Fmedia&parent=3800"}],"wp:term":[{"taxonomy":"category","embeddable":true,"href":"http:\/\/wgphoto.pl\/t\/index.php?rest_route=%2Fwp%2Fv2%2Fcategories&post=3800"},{"taxonomy":"post_tag","embeddable":true,"href":"http:\/\/wgphoto.pl\/t\/index.php?rest_route=%2Fwp%2Fv2%2Ftags&post=3800"}],"curies":[{"name":"wp","href":"https:\/\/api.w.org\/{rel}","templated":true}]}}