{"id":3859,"date":"2024-10-24T19:10:50","date_gmt":"2024-10-24T17:10:50","guid":{"rendered":"https:\/\/wgphoto.pl\/t\/?p=3859"},"modified":"2024-10-24T19:10:50","modified_gmt":"2024-10-24T17:10:50","slug":"50-metrow-tramwaju-pod-ratuszem","status":"publish","type":"post","link":"http:\/\/wgphoto.pl\/t\/?p=3859","title":{"rendered":"50 metr\u00f3w tramwaju pod Ratuszem"},"content":{"rendered":"\n<figure class=\"wp-block-image aligncenter size-full\"><img loading=\"lazy\" decoding=\"async\" width=\"1200\" height=\"900\" src=\"https:\/\/wgphoto.pl\/t\/wp-content\/uploads\/2024\/10\/IMGP6279.jpg\" alt=\"\" class=\"wp-image-3860\" srcset=\"http:\/\/wgphoto.pl\/t\/wp-content\/uploads\/2024\/10\/IMGP6279.jpg 1200w, http:\/\/wgphoto.pl\/t\/wp-content\/uploads\/2024\/10\/IMGP6279-300x225.jpg 300w, http:\/\/wgphoto.pl\/t\/wp-content\/uploads\/2024\/10\/IMGP6279-768x576.jpg 768w\" sizes=\"auto, (max-width: 1200px) 100vw, 1200px\" \/><\/figure>\n\n\n\n<div class=\"wp-block-group has-global-padding is-layout-constrained wp-block-group-is-layout-constrained\">\n<p>Erfurt, Fischmarkt. Na linii 3, obs\u0142ugiwanej niegdy\u015b potr\u00f3jniakami KT4D (d\u0142ugo\u015b\u0107 takiego poci\u0105gu to ok. 60 metr\u00f3w), kursuj\u0105 obecnie sk\u0142ady niskaczy w r\u00f3\u017cnych konfiguracjach. Najcz\u0119\u015bciej spotykan\u0105 jest 5+3-cz\u0142onowe Combino. Taki w\u0142a\u015bnie zestaw mija miejscowy Ratusz. 15.08.2016<\/p>\n<\/div>\n","protected":false},"excerpt":{"rendered":"<p>Erfurt, Fischmarkt. Na linii 3, obs\u0142ugiwanej niegdy\u015b potr\u00f3jniakami KT4D (d\u0142ugo\u015b\u0107 takiego poci\u0105gu to ok. 60 metr\u00f3w), kursuj\u0105 obecnie sk\u0142ady niskaczy w r\u00f3\u017cnych konfiguracjach. Najcz\u0119\u015bciej spotykan\u0105 jest 5+3-cz\u0142onowe Combino. Taki w\u0142a\u015bnie zestaw mija miejscowy Ratusz. 15.08.2016<\/p>\n","protected":false},"author":1,"featured_media":3860,"comment_status":"open","ping_status":"","sticky":false,"template":"","format":"standard","meta":{"footnotes":""},"categories":[125,3],"tags":[413,34,239,411,412,23,143,381],"class_list":["post-3859","post","type-post","status-publish","format-standard","has-post-thumbnail","hentry","category-rok-2016","category-tramwaj","tag-2016-08-15","tag-architektura","tag-deptak","tag-erfurt","tag-evag-erfurt","tag-niemcy","tag-ponad-30m","tag-siemens-combino"],"_links":{"self":[{"href":"http:\/\/wgphoto.pl\/t\/index.php?rest_route=\/wp\/v2\/posts\/3859","targetHints":{"allow":["GET"]}}],"collection":[{"href":"http:\/\/wgphoto.pl\/t\/index.php?rest_route=\/wp\/v2\/posts"}],"about":[{"href":"http:\/\/wgphoto.pl\/t\/index.php?rest_route=\/wp\/v2\/types\/post"}],"author":[{"embeddable":true,"href":"http:\/\/wgphoto.pl\/t\/index.php?rest_route=\/wp\/v2\/users\/1"}],"replies":[{"embeddable":true,"href":"http:\/\/wgphoto.pl\/t\/index.php?rest_route=%2Fwp%2Fv2%2Fcomments&post=3859"}],"version-history":[{"count":1,"href":"http:\/\/wgphoto.pl\/t\/index.php?rest_route=\/wp\/v2\/posts\/3859\/revisions"}],"predecessor-version":[{"id":3861,"href":"http:\/\/wgphoto.pl\/t\/index.php?rest_route=\/wp\/v2\/posts\/3859\/revisions\/3861"}],"wp:featuredmedia":[{"embeddable":true,"href":"http:\/\/wgphoto.pl\/t\/index.php?rest_route=\/wp\/v2\/media\/3860"}],"wp:attachment":[{"href":"http:\/\/wgphoto.pl\/t\/index.php?rest_route=%2Fwp%2Fv2%2Fmedia&parent=3859"}],"wp:term":[{"taxonomy":"category","embeddable":true,"href":"http:\/\/wgphoto.pl\/t\/index.php?rest_route=%2Fwp%2Fv2%2Fcategories&post=3859"},{"taxonomy":"post_tag","embeddable":true,"href":"http:\/\/wgphoto.pl\/t\/index.php?rest_route=%2Fwp%2Fv2%2Ftags&post=3859"}],"curies":[{"name":"wp","href":"https:\/\/api.w.org\/{rel}","templated":true}]}}