{"id":3866,"date":"2024-10-24T19:13:07","date_gmt":"2024-10-24T17:13:07","guid":{"rendered":"https:\/\/wgphoto.pl\/t\/?p=3866"},"modified":"2024-10-24T19:13:07","modified_gmt":"2024-10-24T17:13:07","slug":"na-prawo-od-ludwika","status":"publish","type":"post","link":"http:\/\/wgphoto.pl\/t\/?p=3866","title":{"rendered":"Na prawo od Ludwika"},"content":{"rendered":"\n<figure class=\"wp-block-image aligncenter size-full\"><img loading=\"lazy\" decoding=\"async\" width=\"1300\" height=\"861\" src=\"https:\/\/wgphoto.pl\/t\/wp-content\/uploads\/2024\/10\/IMGP9015.jpg\" alt=\"\" class=\"wp-image-3867\" srcset=\"http:\/\/wgphoto.pl\/t\/wp-content\/uploads\/2024\/10\/IMGP9015.jpg 1300w, http:\/\/wgphoto.pl\/t\/wp-content\/uploads\/2024\/10\/IMGP9015-300x199.jpg 300w, http:\/\/wgphoto.pl\/t\/wp-content\/uploads\/2024\/10\/IMGP9015-768x509.jpg 768w\" sizes=\"auto, (max-width: 1300px) 100vw, 1300px\" \/><\/figure>\n\n\n\n<div class=\"wp-block-group has-global-padding is-layout-constrained wp-block-group-is-layout-constrained\">\n<p>Darmstadt, Luisenplatz. Pod kolumn\u0105 Ludwika I, wielkiego ksi\u0119cia Hesji, na prawo od poprzedniego kadru, zorganizowano kolejny przystanek w ramach w\u0119z\u0142a Luisenplatz. 29.03.2018<\/p>\n<\/div>\n","protected":false},"excerpt":{"rendered":"<p>Darmstadt, Luisenplatz. Pod kolumn\u0105 Ludwika I, wielkiego ksi\u0119cia Hesji, na prawo od poprzedniego kadru, zorganizowano kolejny przystanek w ramach w\u0119z\u0142a Luisenplatz. 29.03.2018<\/p>\n","protected":false},"author":1,"featured_media":3867,"comment_status":"open","ping_status":"","sticky":false,"template":"","format":"standard","meta":{"footnotes":""},"categories":[156,3],"tags":[1689,1408,1688,239,1687,151,23,183],"class_list":["post-3866","post","type-post","status-publish","format-standard","has-post-thumbnail","hentry","category-rok-2018","category-tramwaj","tag-2018-03-29","tag-alstom-citadis200","tag-darmstadt","tag-deptak","tag-heag-darmstadt","tag-ludzie","tag-niemcy","tag-suissetrip-2018"],"_links":{"self":[{"href":"http:\/\/wgphoto.pl\/t\/index.php?rest_route=\/wp\/v2\/posts\/3866","targetHints":{"allow":["GET"]}}],"collection":[{"href":"http:\/\/wgphoto.pl\/t\/index.php?rest_route=\/wp\/v2\/posts"}],"about":[{"href":"http:\/\/wgphoto.pl\/t\/index.php?rest_route=\/wp\/v2\/types\/post"}],"author":[{"embeddable":true,"href":"http:\/\/wgphoto.pl\/t\/index.php?rest_route=\/wp\/v2\/users\/1"}],"replies":[{"embeddable":true,"href":"http:\/\/wgphoto.pl\/t\/index.php?rest_route=%2Fwp%2Fv2%2Fcomments&post=3866"}],"version-history":[{"count":1,"href":"http:\/\/wgphoto.pl\/t\/index.php?rest_route=\/wp\/v2\/posts\/3866\/revisions"}],"predecessor-version":[{"id":3868,"href":"http:\/\/wgphoto.pl\/t\/index.php?rest_route=\/wp\/v2\/posts\/3866\/revisions\/3868"}],"wp:featuredmedia":[{"embeddable":true,"href":"http:\/\/wgphoto.pl\/t\/index.php?rest_route=\/wp\/v2\/media\/3867"}],"wp:attachment":[{"href":"http:\/\/wgphoto.pl\/t\/index.php?rest_route=%2Fwp%2Fv2%2Fmedia&parent=3866"}],"wp:term":[{"taxonomy":"category","embeddable":true,"href":"http:\/\/wgphoto.pl\/t\/index.php?rest_route=%2Fwp%2Fv2%2Fcategories&post=3866"},{"taxonomy":"post_tag","embeddable":true,"href":"http:\/\/wgphoto.pl\/t\/index.php?rest_route=%2Fwp%2Fv2%2Ftags&post=3866"}],"curies":[{"name":"wp","href":"https:\/\/api.w.org\/{rel}","templated":true}]}}