{"id":3869,"date":"2024-10-24T19:14:07","date_gmt":"2024-10-24T17:14:07","guid":{"rendered":"https:\/\/wgphoto.pl\/t\/?p=3869"},"modified":"2024-10-24T19:14:07","modified_gmt":"2024-10-24T17:14:07","slug":"ludewig-od-przodu","status":"publish","type":"post","link":"http:\/\/wgphoto.pl\/t\/?p=3869","title":{"rendered":"Ludewig od przodu"},"content":{"rendered":"\n<figure class=\"wp-block-image aligncenter size-full\"><img loading=\"lazy\" decoding=\"async\" width=\"1300\" height=\"861\" src=\"https:\/\/wgphoto.pl\/t\/wp-content\/uploads\/2024\/10\/IMGP9021.jpg\" alt=\"\" class=\"wp-image-3870\" srcset=\"http:\/\/wgphoto.pl\/t\/wp-content\/uploads\/2024\/10\/IMGP9021.jpg 1300w, http:\/\/wgphoto.pl\/t\/wp-content\/uploads\/2024\/10\/IMGP9021-300x199.jpg 300w, http:\/\/wgphoto.pl\/t\/wp-content\/uploads\/2024\/10\/IMGP9021-768x509.jpg 768w\" sizes=\"auto, (max-width: 1300px) 100vw, 1300px\" \/><\/figure>\n\n\n\n<div class=\"wp-block-group has-global-padding is-layout-constrained wp-block-group-is-layout-constrained\">\n<p>Darmstadt, Rheinstra\u00dfe. Niskacz z doczep\u0105, typowy sk\u0142ad dla tutejszej sieci, kieruje si\u0119 w stron\u0119 dworca, zostawiaj\u0105c za sob\u0105 pomnik Ludwika I, kt\u00f3ry dopiero z takiej odleg\u0142o\u015bci mo\u017cna podziwia\u0107 bez zadzierania g\u0142owy do g\u00f3ry. 29.03.2018<\/p>\n<\/div>\n","protected":false},"excerpt":{"rendered":"<p>Darmstadt, Rheinstra\u00dfe. Niskacz z doczep\u0105, typowy sk\u0142ad dla tutejszej sieci, kieruje si\u0119 w stron\u0119 dworca, zostawiaj\u0105c za sob\u0105 pomnik Ludwika I, kt\u00f3ry dopiero z takiej odleg\u0142o\u015bci mo\u017cna podziwia\u0107 bez zadzierania g\u0142owy do g\u00f3ry. 29.03.2018<\/p>\n","protected":false},"author":1,"featured_media":3870,"comment_status":"open","ping_status":"","sticky":false,"template":"","format":"standard","meta":{"footnotes":""},"categories":[156,3],"tags":[1689,1408,1688,1687,23,118,183],"class_list":["post-3869","post","type-post","status-publish","format-standard","has-post-thumbnail","hentry","category-rok-2018","category-tramwaj","tag-2018-03-29","tag-alstom-citadis200","tag-darmstadt","tag-heag-darmstadt","tag-niemcy","tag-plany-i-profile","tag-suissetrip-2018"],"_links":{"self":[{"href":"http:\/\/wgphoto.pl\/t\/index.php?rest_route=\/wp\/v2\/posts\/3869","targetHints":{"allow":["GET"]}}],"collection":[{"href":"http:\/\/wgphoto.pl\/t\/index.php?rest_route=\/wp\/v2\/posts"}],"about":[{"href":"http:\/\/wgphoto.pl\/t\/index.php?rest_route=\/wp\/v2\/types\/post"}],"author":[{"embeddable":true,"href":"http:\/\/wgphoto.pl\/t\/index.php?rest_route=\/wp\/v2\/users\/1"}],"replies":[{"embeddable":true,"href":"http:\/\/wgphoto.pl\/t\/index.php?rest_route=%2Fwp%2Fv2%2Fcomments&post=3869"}],"version-history":[{"count":1,"href":"http:\/\/wgphoto.pl\/t\/index.php?rest_route=\/wp\/v2\/posts\/3869\/revisions"}],"predecessor-version":[{"id":3871,"href":"http:\/\/wgphoto.pl\/t\/index.php?rest_route=\/wp\/v2\/posts\/3869\/revisions\/3871"}],"wp:featuredmedia":[{"embeddable":true,"href":"http:\/\/wgphoto.pl\/t\/index.php?rest_route=\/wp\/v2\/media\/3870"}],"wp:attachment":[{"href":"http:\/\/wgphoto.pl\/t\/index.php?rest_route=%2Fwp%2Fv2%2Fmedia&parent=3869"}],"wp:term":[{"taxonomy":"category","embeddable":true,"href":"http:\/\/wgphoto.pl\/t\/index.php?rest_route=%2Fwp%2Fv2%2Fcategories&post=3869"},{"taxonomy":"post_tag","embeddable":true,"href":"http:\/\/wgphoto.pl\/t\/index.php?rest_route=%2Fwp%2Fv2%2Ftags&post=3869"}],"curies":[{"name":"wp","href":"https:\/\/api.w.org\/{rel}","templated":true}]}}