{"id":3875,"date":"2024-10-24T19:16:41","date_gmt":"2024-10-24T17:16:41","guid":{"rendered":"https:\/\/wgphoto.pl\/t\/?p=3875"},"modified":"2024-10-24T19:16:41","modified_gmt":"2024-10-24T17:16:41","slug":"jezdzilbym","status":"publish","type":"post","link":"http:\/\/wgphoto.pl\/t\/?p=3875","title":{"rendered":"Je\u017adzi\u0142bym"},"content":{"rendered":"\n<figure class=\"wp-block-image aligncenter size-full\"><img loading=\"lazy\" decoding=\"async\" width=\"1300\" height=\"861\" src=\"https:\/\/wgphoto.pl\/t\/wp-content\/uploads\/2024\/10\/IMGP9008-1.jpg\" alt=\"\" class=\"wp-image-3877\" srcset=\"http:\/\/wgphoto.pl\/t\/wp-content\/uploads\/2024\/10\/IMGP9008-1.jpg 1300w, http:\/\/wgphoto.pl\/t\/wp-content\/uploads\/2024\/10\/IMGP9008-1-300x199.jpg 300w, http:\/\/wgphoto.pl\/t\/wp-content\/uploads\/2024\/10\/IMGP9008-1-768x509.jpg 768w\" sizes=\"auto, (max-width: 1300px) 100vw, 1300px\" \/><\/figure>\n\n\n\n<div class=\"wp-block-group has-global-padding is-layout-constrained wp-block-group-is-layout-constrained\">\n<p>Darmstadt, Rheinstra\u00dfe. G\u0142\u0119bokie krzy\u017cownice, iglice o du\u017cym promieniu &#8211; po takich torach to mo\u017cna je\u017adzi\u0107. 29.03.2018<\/p>\n<\/div>\n","protected":false},"excerpt":{"rendered":"<p>Darmstadt, Rheinstra\u00dfe. G\u0142\u0119bokie krzy\u017cownice, iglice o du\u017cym promieniu &#8211; po takich torach to mo\u017cna je\u017adzi\u0107. 29.03.2018<\/p>\n","protected":false},"author":1,"featured_media":3877,"comment_status":"open","ping_status":"","sticky":false,"template":"","format":"standard","meta":{"footnotes":""},"categories":[156,3],"tags":[1689,1408,1688,1687,23,183],"class_list":["post-3875","post","type-post","status-publish","format-standard","has-post-thumbnail","hentry","category-rok-2018","category-tramwaj","tag-2018-03-29","tag-alstom-citadis200","tag-darmstadt","tag-heag-darmstadt","tag-niemcy","tag-suissetrip-2018"],"_links":{"self":[{"href":"http:\/\/wgphoto.pl\/t\/index.php?rest_route=\/wp\/v2\/posts\/3875","targetHints":{"allow":["GET"]}}],"collection":[{"href":"http:\/\/wgphoto.pl\/t\/index.php?rest_route=\/wp\/v2\/posts"}],"about":[{"href":"http:\/\/wgphoto.pl\/t\/index.php?rest_route=\/wp\/v2\/types\/post"}],"author":[{"embeddable":true,"href":"http:\/\/wgphoto.pl\/t\/index.php?rest_route=\/wp\/v2\/users\/1"}],"replies":[{"embeddable":true,"href":"http:\/\/wgphoto.pl\/t\/index.php?rest_route=%2Fwp%2Fv2%2Fcomments&post=3875"}],"version-history":[{"count":1,"href":"http:\/\/wgphoto.pl\/t\/index.php?rest_route=\/wp\/v2\/posts\/3875\/revisions"}],"predecessor-version":[{"id":3878,"href":"http:\/\/wgphoto.pl\/t\/index.php?rest_route=\/wp\/v2\/posts\/3875\/revisions\/3878"}],"wp:featuredmedia":[{"embeddable":true,"href":"http:\/\/wgphoto.pl\/t\/index.php?rest_route=\/wp\/v2\/media\/3877"}],"wp:attachment":[{"href":"http:\/\/wgphoto.pl\/t\/index.php?rest_route=%2Fwp%2Fv2%2Fmedia&parent=3875"}],"wp:term":[{"taxonomy":"category","embeddable":true,"href":"http:\/\/wgphoto.pl\/t\/index.php?rest_route=%2Fwp%2Fv2%2Fcategories&post=3875"},{"taxonomy":"post_tag","embeddable":true,"href":"http:\/\/wgphoto.pl\/t\/index.php?rest_route=%2Fwp%2Fv2%2Ftags&post=3875"}],"curies":[{"name":"wp","href":"https:\/\/api.w.org\/{rel}","templated":true}]}}