{"id":3879,"date":"2024-10-24T19:18:01","date_gmt":"2024-10-24T17:18:01","guid":{"rendered":"https:\/\/wgphoto.pl\/t\/?p=3879"},"modified":"2024-10-24T19:18:01","modified_gmt":"2024-10-24T17:18:01","slug":"pks-darmstadt","status":"publish","type":"post","link":"http:\/\/wgphoto.pl\/t\/?p=3879","title":{"rendered":"PKS Darmstadt"},"content":{"rendered":"\n<figure class=\"wp-block-image aligncenter size-full\"><img loading=\"lazy\" decoding=\"async\" width=\"1300\" height=\"861\" src=\"https:\/\/wgphoto.pl\/t\/wp-content\/uploads\/2024\/10\/IMGP8986.jpg\" alt=\"\" class=\"wp-image-3880\" srcset=\"http:\/\/wgphoto.pl\/t\/wp-content\/uploads\/2024\/10\/IMGP8986.jpg 1300w, http:\/\/wgphoto.pl\/t\/wp-content\/uploads\/2024\/10\/IMGP8986-300x199.jpg 300w, http:\/\/wgphoto.pl\/t\/wp-content\/uploads\/2024\/10\/IMGP8986-768x509.jpg 768w\" sizes=\"auto, (max-width: 1300px) 100vw, 1300px\" \/><\/figure>\n\n\n\n<div class=\"wp-block-group has-global-padding is-layout-constrained wp-block-group-is-layout-constrained\">\n<p>Darmstadt, Mathildenplatz. 20-letni niskacz NGT8D #9873 przeje\u017cd\u017ca pomi\u0119dzy gmachami s\u0105d\u00f3w. Niekt\u00f3re miasta w b. RFN lubuj\u0105 si\u0119 w numeracji pojazd\u00f3w komunikacji miejskiej, jaka w Polsce znana jest chyba tylko w PKS-ach, gdzie w numerze zaszyty jest rok produkcji (w tym przypadku &#8211; w dw\u00f3ch pierwszych cyfrach). 29.03.2018<\/p>\n<\/div>\n","protected":false},"excerpt":{"rendered":"<p>Darmstadt, Mathildenplatz. 20-letni niskacz NGT8D #9873 przeje\u017cd\u017ca pomi\u0119dzy gmachami s\u0105d\u00f3w. Niekt\u00f3re miasta w b. RFN lubuj\u0105 si\u0119 w numeracji pojazd\u00f3w komunikacji miejskiej, jaka w Polsce znana jest chyba tylko w PKS-ach, gdzie w numerze zaszyty jest rok produkcji (w tym przypadku &#8211; w dw\u00f3ch pierwszych cyfrach). 29.03.2018<\/p>\n","protected":false},"author":1,"featured_media":3880,"comment_status":"open","ping_status":"","sticky":false,"template":"","format":"standard","meta":{"footnotes":""},"categories":[156,3],"tags":[1689,1408,34,1688,1687,23,905,183],"class_list":["post-3879","post","type-post","status-publish","format-standard","has-post-thumbnail","hentry","category-rok-2018","category-tramwaj","tag-2018-03-29","tag-alstom-citadis200","tag-architektura","tag-darmstadt","tag-heag-darmstadt","tag-niemcy","tag-przez","tag-suissetrip-2018"],"_links":{"self":[{"href":"http:\/\/wgphoto.pl\/t\/index.php?rest_route=\/wp\/v2\/posts\/3879","targetHints":{"allow":["GET"]}}],"collection":[{"href":"http:\/\/wgphoto.pl\/t\/index.php?rest_route=\/wp\/v2\/posts"}],"about":[{"href":"http:\/\/wgphoto.pl\/t\/index.php?rest_route=\/wp\/v2\/types\/post"}],"author":[{"embeddable":true,"href":"http:\/\/wgphoto.pl\/t\/index.php?rest_route=\/wp\/v2\/users\/1"}],"replies":[{"embeddable":true,"href":"http:\/\/wgphoto.pl\/t\/index.php?rest_route=%2Fwp%2Fv2%2Fcomments&post=3879"}],"version-history":[{"count":1,"href":"http:\/\/wgphoto.pl\/t\/index.php?rest_route=\/wp\/v2\/posts\/3879\/revisions"}],"predecessor-version":[{"id":3881,"href":"http:\/\/wgphoto.pl\/t\/index.php?rest_route=\/wp\/v2\/posts\/3879\/revisions\/3881"}],"wp:featuredmedia":[{"embeddable":true,"href":"http:\/\/wgphoto.pl\/t\/index.php?rest_route=\/wp\/v2\/media\/3880"}],"wp:attachment":[{"href":"http:\/\/wgphoto.pl\/t\/index.php?rest_route=%2Fwp%2Fv2%2Fmedia&parent=3879"}],"wp:term":[{"taxonomy":"category","embeddable":true,"href":"http:\/\/wgphoto.pl\/t\/index.php?rest_route=%2Fwp%2Fv2%2Fcategories&post=3879"},{"taxonomy":"post_tag","embeddable":true,"href":"http:\/\/wgphoto.pl\/t\/index.php?rest_route=%2Fwp%2Fv2%2Ftags&post=3879"}],"curies":[{"name":"wp","href":"https:\/\/api.w.org\/{rel}","templated":true}]}}