{"id":3910,"date":"2024-10-24T20:19:31","date_gmt":"2024-10-24T18:19:31","guid":{"rendered":"https:\/\/wgphoto.pl\/t\/?p=3910"},"modified":"2024-10-24T20:19:31","modified_gmt":"2024-10-24T18:19:31","slug":"krotka-bajka-o-niedoszacowaniu","status":"publish","type":"post","link":"http:\/\/wgphoto.pl\/t\/?p=3910","title":{"rendered":"Kr\u00f3tka bajka o niedoszacowaniu"},"content":{"rendered":"\n<figure class=\"wp-block-image aligncenter size-full\"><img loading=\"lazy\" decoding=\"async\" width=\"1300\" height=\"870\" src=\"https:\/\/wgphoto.pl\/t\/wp-content\/uploads\/2024\/10\/IMGP0426.jpg\" alt=\"\" class=\"wp-image-3911\" srcset=\"http:\/\/wgphoto.pl\/t\/wp-content\/uploads\/2024\/10\/IMGP0426.jpg 1300w, http:\/\/wgphoto.pl\/t\/wp-content\/uploads\/2024\/10\/IMGP0426-300x201.jpg 300w, http:\/\/wgphoto.pl\/t\/wp-content\/uploads\/2024\/10\/IMGP0426-768x514.jpg 768w\" sizes=\"auto, (max-width: 1300px) 100vw, 1300px\" \/><\/figure>\n\n\n\n<div class=\"wp-block-group has-global-padding is-layout-constrained wp-block-group-is-layout-constrained\">\n<p>814.111 jako poci\u0105g osobowy 17553 z Doma\u017elic do Klatov zatrzymuje si\u0119 w Janovicach nad \u00dahlavou. Chcia\u0142em zrobi\u0107 klasyczne foto z budynkiem, ale niedoszacowa\u0142em rozmiar\u00f3w Regionovy, zar\u00f3wno na d\u0142ugo\u015b\u0107 jak i wysoko\u015b\u0107. Budynek bez poci\u0105gu prezentuje si\u0119 du\u017co lepiej. 14.04.2011<\/p>\n<\/div>\n","protected":false},"excerpt":{"rendered":"<p>814.111 jako poci\u0105g osobowy 17553 z Doma\u017elic do Klatov zatrzymuje si\u0119 w Janovicach nad \u00dahlavou. Chcia\u0142em zrobi\u0107 klasyczne foto z budynkiem, ale niedoszacowa\u0142em rozmiar\u00f3w Regionovy, zar\u00f3wno na d\u0142ugo\u015b\u0107 jak i wysoko\u015b\u0107. Budynek bez poci\u0105gu prezentuje si\u0119 du\u017co lepiej. 14.04.2011<\/p>\n","protected":false},"author":1,"featured_media":3911,"comment_status":"open","ping_status":"","sticky":false,"template":"","format":"standard","meta":{"footnotes":""},"categories":[2,77],"tags":[456,211,50,49,1699,196,1700],"class_list":["post-3910","post","type-post","status-publish","format-standard","has-post-thumbnail","hentry","category-kolej","category-rok-2011","tag-2011-04-14","tag-211","tag-cd","tag-czechy","tag-janovice-nad-uhlavou","tag-linie-raczej-lokalne","tag-tab-cz185"],"_links":{"self":[{"href":"http:\/\/wgphoto.pl\/t\/index.php?rest_route=\/wp\/v2\/posts\/3910","targetHints":{"allow":["GET"]}}],"collection":[{"href":"http:\/\/wgphoto.pl\/t\/index.php?rest_route=\/wp\/v2\/posts"}],"about":[{"href":"http:\/\/wgphoto.pl\/t\/index.php?rest_route=\/wp\/v2\/types\/post"}],"author":[{"embeddable":true,"href":"http:\/\/wgphoto.pl\/t\/index.php?rest_route=\/wp\/v2\/users\/1"}],"replies":[{"embeddable":true,"href":"http:\/\/wgphoto.pl\/t\/index.php?rest_route=%2Fwp%2Fv2%2Fcomments&post=3910"}],"version-history":[{"count":1,"href":"http:\/\/wgphoto.pl\/t\/index.php?rest_route=\/wp\/v2\/posts\/3910\/revisions"}],"predecessor-version":[{"id":3912,"href":"http:\/\/wgphoto.pl\/t\/index.php?rest_route=\/wp\/v2\/posts\/3910\/revisions\/3912"}],"wp:featuredmedia":[{"embeddable":true,"href":"http:\/\/wgphoto.pl\/t\/index.php?rest_route=\/wp\/v2\/media\/3911"}],"wp:attachment":[{"href":"http:\/\/wgphoto.pl\/t\/index.php?rest_route=%2Fwp%2Fv2%2Fmedia&parent=3910"}],"wp:term":[{"taxonomy":"category","embeddable":true,"href":"http:\/\/wgphoto.pl\/t\/index.php?rest_route=%2Fwp%2Fv2%2Fcategories&post=3910"},{"taxonomy":"post_tag","embeddable":true,"href":"http:\/\/wgphoto.pl\/t\/index.php?rest_route=%2Fwp%2Fv2%2Ftags&post=3910"}],"curies":[{"name":"wp","href":"https:\/\/api.w.org\/{rel}","templated":true}]}}