{"id":3913,"date":"2024-10-24T20:20:37","date_gmt":"2024-10-24T18:20:37","guid":{"rendered":"https:\/\/wgphoto.pl\/t\/?p=3913"},"modified":"2024-10-24T20:20:37","modified_gmt":"2024-10-24T18:20:37","slug":"ksztaltowy-skansen","status":"publish","type":"post","link":"http:\/\/wgphoto.pl\/t\/?p=3913","title":{"rendered":"Kszta\u0142towy skansen"},"content":{"rendered":"\n<figure class=\"wp-block-image aligncenter size-full\"><img loading=\"lazy\" decoding=\"async\" width=\"1300\" height=\"870\" src=\"https:\/\/wgphoto.pl\/t\/wp-content\/uploads\/2024\/10\/IMGP0385.jpg\" alt=\"\" class=\"wp-image-3914\" srcset=\"http:\/\/wgphoto.pl\/t\/wp-content\/uploads\/2024\/10\/IMGP0385.jpg 1300w, http:\/\/wgphoto.pl\/t\/wp-content\/uploads\/2024\/10\/IMGP0385-300x201.jpg 300w, http:\/\/wgphoto.pl\/t\/wp-content\/uploads\/2024\/10\/IMGP0385-768x514.jpg 768w\" sizes=\"auto, (max-width: 1300px) 100vw, 1300px\" \/><\/figure>\n\n\n\n<div class=\"wp-block-group has-global-padding is-layout-constrained wp-block-group-is-layout-constrained\">\n<p>810.182-6 jako poci\u0105g osobowy 17548 z Klatov do Doma\u017elic opuszcza Janovice nad \u00dahlavou &#8211; sympatyczn\u0105 stacj\u0119 o jednej (po\u0142udniowej) kszta\u0142towej g\u0142owicy. 14.04.2011<\/p>\n<\/div>\n","protected":false},"excerpt":{"rendered":"<p>810.182-6 jako poci\u0105g osobowy 17548 z Klatov do Doma\u017elic opuszcza Janovice nad \u00dahlavou &#8211; sympatyczn\u0105 stacj\u0119 o jednej (po\u0142udniowej) kszta\u0142towej g\u0142owicy. 14.04.2011<\/p>\n","protected":false},"author":1,"featured_media":3914,"comment_status":"open","ping_status":"","sticky":false,"template":"","format":"standard","meta":{"footnotes":""},"categories":[2,77],"tags":[456,92,50,49,1699,173,196,53,1700],"class_list":["post-3913","post","type-post","status-publish","format-standard","has-post-thumbnail","hentry","category-kolej","category-rok-2011","tag-2011-04-14","tag-92","tag-cd","tag-czechy","tag-janovice-nad-uhlavou","tag-koncowki","tag-linie-raczej-lokalne","tag-sygnalizacja-ksztaltowa","tag-tab-cz185"],"_links":{"self":[{"href":"http:\/\/wgphoto.pl\/t\/index.php?rest_route=\/wp\/v2\/posts\/3913","targetHints":{"allow":["GET"]}}],"collection":[{"href":"http:\/\/wgphoto.pl\/t\/index.php?rest_route=\/wp\/v2\/posts"}],"about":[{"href":"http:\/\/wgphoto.pl\/t\/index.php?rest_route=\/wp\/v2\/types\/post"}],"author":[{"embeddable":true,"href":"http:\/\/wgphoto.pl\/t\/index.php?rest_route=\/wp\/v2\/users\/1"}],"replies":[{"embeddable":true,"href":"http:\/\/wgphoto.pl\/t\/index.php?rest_route=%2Fwp%2Fv2%2Fcomments&post=3913"}],"version-history":[{"count":1,"href":"http:\/\/wgphoto.pl\/t\/index.php?rest_route=\/wp\/v2\/posts\/3913\/revisions"}],"predecessor-version":[{"id":3915,"href":"http:\/\/wgphoto.pl\/t\/index.php?rest_route=\/wp\/v2\/posts\/3913\/revisions\/3915"}],"wp:featuredmedia":[{"embeddable":true,"href":"http:\/\/wgphoto.pl\/t\/index.php?rest_route=\/wp\/v2\/media\/3914"}],"wp:attachment":[{"href":"http:\/\/wgphoto.pl\/t\/index.php?rest_route=%2Fwp%2Fv2%2Fmedia&parent=3913"}],"wp:term":[{"taxonomy":"category","embeddable":true,"href":"http:\/\/wgphoto.pl\/t\/index.php?rest_route=%2Fwp%2Fv2%2Fcategories&post=3913"},{"taxonomy":"post_tag","embeddable":true,"href":"http:\/\/wgphoto.pl\/t\/index.php?rest_route=%2Fwp%2Fv2%2Ftags&post=3913"}],"curies":[{"name":"wp","href":"https:\/\/api.w.org\/{rel}","templated":true}]}}