{"id":3937,"date":"2024-10-25T17:07:57","date_gmt":"2024-10-25T15:07:57","guid":{"rendered":"https:\/\/wgphoto.pl\/t\/?p=3937"},"modified":"2024-10-25T17:08:51","modified_gmt":"2024-10-25T15:08:51","slug":"komercyjny-ic-oraz-drugie-dno","status":"publish","type":"post","link":"http:\/\/wgphoto.pl\/t\/?p=3937","title":{"rendered":"Komercyjny IC oraz drugie dno"},"content":{"rendered":"\n<figure class=\"wp-block-image aligncenter size-full\"><img loading=\"lazy\" decoding=\"async\" width=\"1400\" height=\"927\" src=\"https:\/\/wgphoto.pl\/t\/wp-content\/uploads\/2024\/10\/IMGP6264.jpg\" alt=\"\" class=\"wp-image-3938\" srcset=\"http:\/\/wgphoto.pl\/t\/wp-content\/uploads\/2024\/10\/IMGP6264.jpg 1400w, http:\/\/wgphoto.pl\/t\/wp-content\/uploads\/2024\/10\/IMGP6264-300x199.jpg 300w, http:\/\/wgphoto.pl\/t\/wp-content\/uploads\/2024\/10\/IMGP6264-768x509.jpg 768w\" sizes=\"auto, (max-width: 1400px) 100vw, 1400px\" \/><\/figure>\n\n\n\n<div class=\"wp-block-group has-global-padding is-layout-constrained wp-block-group-is-layout-constrained\">\n<p>Odcinek \u0160trba &#8211; \u0160trba zast\u00e1vka. 350.008 prowadzi poci\u0105g IC 523 z Bratyslawy do Koszyc. Poci\u0105gi tej kategorii uruchamiane s\u0105 komercyjnie w liczbie czterech par dziennie i oferuj\u0105 najkr\u00f3tszy czas przejazdu pomi\u0119dzy najwi\u0119kszymi miastami S\u0142owacji, kr\u00f3tszy o 30-40 minut wzgl\u0119dem dotowanych poci\u0105g\u00f3w pospiesznych\/ekspresowych, kt\u00f3re zatrzymuj\u0105 si\u0119 na wi\u0119kszej liczbie stacji i przede wszystkim na tym trac\u0105 czas. Od grudnia 2024 kursy IC zostan\u0105 zlikwidowane, w zamian ekspresy &#8222;Tatran&#8221; pojad\u0105 co godzin\u0119 (obecnie kursuj\u0105 co 2h). Sprawa ma te\u017c drugie dno &#8211; na\u0142o\u017cony na S\u0142owacj\u0119 przez UE obowi\u0105zek zapewnienia wi\u0119kszej liczby po\u0142\u0105cze\u0144 realizowanych w ramach s\u0142u\u017cby publicznej w zwi\u0105zku z ch\u0119ci\u0105 uruchomienia lotniczych po\u0142\u0105cze\u0144 z Bratys\u0142awy do Koszyc, kt\u00f3re obecnie nie s\u0105 realizowane. 01.05.2024<\/p>\n<\/div>\n","protected":false},"excerpt":{"rendered":"<p>Odcinek \u0160trba &#8211; \u0160trba zast\u00e1vka. 350.008 prowadzi poci\u0105g IC 523 z Bratyslawy do Koszyc. Poci\u0105gi tej kategorii uruchamiane s\u0105 komercyjnie w liczbie czterech par dziennie i oferuj\u0105 najkr\u00f3tszy czas przejazdu pomi\u0119dzy najwi\u0119kszymi miastami S\u0142owacji, kr\u00f3tszy o 30-40 minut wzgl\u0119dem dotowanych poci\u0105g\u00f3w pospiesznych\/ekspresowych, kt\u00f3re zatrzymuj\u0105 si\u0119 na wi\u0119kszej liczbie stacji i przede wszystkim na tym trac\u0105 [&hellip;]<\/p>\n","protected":false},"author":1,"featured_media":3938,"comment_status":"open","ping_status":"","sticky":false,"template":"","format":"standard","meta":{"footnotes":""},"categories":[2,5],"tags":[1296,1705,114,759,675,670,673,469],"class_list":["post-3937","post","type-post","status-publish","format-standard","has-post-thumbnail","hentry","category-kolej","category-2024r","tag-2024-05-01","tag-1705","tag-gory","tag-majowka-2024","tag-slowacja","tag-strba","tag-strba-zastavka","tag-zssk"],"_links":{"self":[{"href":"http:\/\/wgphoto.pl\/t\/index.php?rest_route=\/wp\/v2\/posts\/3937","targetHints":{"allow":["GET"]}}],"collection":[{"href":"http:\/\/wgphoto.pl\/t\/index.php?rest_route=\/wp\/v2\/posts"}],"about":[{"href":"http:\/\/wgphoto.pl\/t\/index.php?rest_route=\/wp\/v2\/types\/post"}],"author":[{"embeddable":true,"href":"http:\/\/wgphoto.pl\/t\/index.php?rest_route=\/wp\/v2\/users\/1"}],"replies":[{"embeddable":true,"href":"http:\/\/wgphoto.pl\/t\/index.php?rest_route=%2Fwp%2Fv2%2Fcomments&post=3937"}],"version-history":[{"count":2,"href":"http:\/\/wgphoto.pl\/t\/index.php?rest_route=\/wp\/v2\/posts\/3937\/revisions"}],"predecessor-version":[{"id":3940,"href":"http:\/\/wgphoto.pl\/t\/index.php?rest_route=\/wp\/v2\/posts\/3937\/revisions\/3940"}],"wp:featuredmedia":[{"embeddable":true,"href":"http:\/\/wgphoto.pl\/t\/index.php?rest_route=\/wp\/v2\/media\/3938"}],"wp:attachment":[{"href":"http:\/\/wgphoto.pl\/t\/index.php?rest_route=%2Fwp%2Fv2%2Fmedia&parent=3937"}],"wp:term":[{"taxonomy":"category","embeddable":true,"href":"http:\/\/wgphoto.pl\/t\/index.php?rest_route=%2Fwp%2Fv2%2Fcategories&post=3937"},{"taxonomy":"post_tag","embeddable":true,"href":"http:\/\/wgphoto.pl\/t\/index.php?rest_route=%2Fwp%2Fv2%2Ftags&post=3937"}],"curies":[{"name":"wp","href":"https:\/\/api.w.org\/{rel}","templated":true}]}}