{"id":3941,"date":"2024-10-25T18:43:09","date_gmt":"2024-10-25T16:43:09","guid":{"rendered":"https:\/\/wgphoto.pl\/t\/?p=3941"},"modified":"2024-10-25T18:43:09","modified_gmt":"2024-10-25T16:43:09","slug":"czarne-chmury-nad-podlaska-koleja","status":"publish","type":"post","link":"http:\/\/wgphoto.pl\/t\/?p=3941","title":{"rendered":"Czarne chmury nad podlask\u0105 kolej\u0105"},"content":{"rendered":"\n<figure class=\"wp-block-image aligncenter size-full\"><img loading=\"lazy\" decoding=\"async\" width=\"1300\" height=\"867\" src=\"https:\/\/wgphoto.pl\/t\/wp-content\/uploads\/2024\/10\/0619-15.jpg\" alt=\"\" class=\"wp-image-3942\" srcset=\"http:\/\/wgphoto.pl\/t\/wp-content\/uploads\/2024\/10\/0619-15.jpg 1300w, http:\/\/wgphoto.pl\/t\/wp-content\/uploads\/2024\/10\/0619-15-300x200.jpg 300w, http:\/\/wgphoto.pl\/t\/wp-content\/uploads\/2024\/10\/0619-15-768x512.jpg 768w\" sizes=\"auto, (max-width: 1300px) 100vw, 1300px\" \/><\/figure>\n\n\n\n<div class=\"wp-block-group has-global-padding is-layout-constrained wp-block-group-is-layout-constrained\">\n<p>SM42-016 prowadzi dwa wagony z Gdyni do Suwa\u0142k jad\u0105c odcinkiem Raczki &#8211; Poddub\u00f3wek. Sentencja na przydro\u017cnym krzy\u017cu g\u0142osi: <em>Od powietrza, g\u0142odu, ognia, zachowaj nas Panie.<\/em> 11.08.2006<\/p>\n<\/div>\n","protected":false},"excerpt":{"rendered":"<p>SM42-016 prowadzi dwa wagony z Gdyni do Suwa\u0142k jad\u0105c odcinkiem Raczki &#8211; Poddub\u00f3wek. Sentencja na przydro\u017cnym krzy\u017cu g\u0142osi: Od powietrza, g\u0142odu, ognia, zachowaj nas Panie. 11.08.2006<\/p>\n","protected":false},"author":1,"featured_media":3942,"comment_status":"open","ping_status":"","sticky":false,"template":"","format":"standard","meta":{"footnotes":""},"categories":[62,2,130],"tags":[1295,162,63,1275,27,1273,473,537],"class_list":["post-3941","post","type-post","status-publish","format-standard","has-post-thumbnail","hentry","category-analog","category-kolej","category-rok-2006","tag-2006-08-11","tag-niebo","tag-pkp","tag-poddubowek","tag-polska","tag-raczki","tag-sm42","tag-tab-pl536"],"_links":{"self":[{"href":"http:\/\/wgphoto.pl\/t\/index.php?rest_route=\/wp\/v2\/posts\/3941","targetHints":{"allow":["GET"]}}],"collection":[{"href":"http:\/\/wgphoto.pl\/t\/index.php?rest_route=\/wp\/v2\/posts"}],"about":[{"href":"http:\/\/wgphoto.pl\/t\/index.php?rest_route=\/wp\/v2\/types\/post"}],"author":[{"embeddable":true,"href":"http:\/\/wgphoto.pl\/t\/index.php?rest_route=\/wp\/v2\/users\/1"}],"replies":[{"embeddable":true,"href":"http:\/\/wgphoto.pl\/t\/index.php?rest_route=%2Fwp%2Fv2%2Fcomments&post=3941"}],"version-history":[{"count":1,"href":"http:\/\/wgphoto.pl\/t\/index.php?rest_route=\/wp\/v2\/posts\/3941\/revisions"}],"predecessor-version":[{"id":3943,"href":"http:\/\/wgphoto.pl\/t\/index.php?rest_route=\/wp\/v2\/posts\/3941\/revisions\/3943"}],"wp:featuredmedia":[{"embeddable":true,"href":"http:\/\/wgphoto.pl\/t\/index.php?rest_route=\/wp\/v2\/media\/3942"}],"wp:attachment":[{"href":"http:\/\/wgphoto.pl\/t\/index.php?rest_route=%2Fwp%2Fv2%2Fmedia&parent=3941"}],"wp:term":[{"taxonomy":"category","embeddable":true,"href":"http:\/\/wgphoto.pl\/t\/index.php?rest_route=%2Fwp%2Fv2%2Fcategories&post=3941"},{"taxonomy":"post_tag","embeddable":true,"href":"http:\/\/wgphoto.pl\/t\/index.php?rest_route=%2Fwp%2Fv2%2Ftags&post=3941"}],"curies":[{"name":"wp","href":"https:\/\/api.w.org\/{rel}","templated":true}]}}