{"id":4059,"date":"2024-10-28T17:52:04","date_gmt":"2024-10-28T16:52:04","guid":{"rendered":"https:\/\/wgphoto.pl\/t\/?p=4059"},"modified":"2024-10-28T17:52:04","modified_gmt":"2024-10-28T16:52:04","slug":"fiat-cityway-i-nr-9112","status":"publish","type":"post","link":"http:\/\/wgphoto.pl\/t\/?p=4059","title":{"rendered":"FIAT Cityway I nr 9112"},"content":{"rendered":"\n<figure class=\"wp-block-image aligncenter size-full\"><img loading=\"lazy\" decoding=\"async\" width=\"1300\" height=\"870\" src=\"https:\/\/wgphoto.pl\/t\/wp-content\/uploads\/2024\/10\/IMGP7492.jpg\" alt=\"\" class=\"wp-image-4060\" srcset=\"http:\/\/wgphoto.pl\/t\/wp-content\/uploads\/2024\/10\/IMGP7492.jpg 1300w, http:\/\/wgphoto.pl\/t\/wp-content\/uploads\/2024\/10\/IMGP7492-300x201.jpg 300w, http:\/\/wgphoto.pl\/t\/wp-content\/uploads\/2024\/10\/IMGP7492-768x514.jpg 768w\" sizes=\"auto, (max-width: 1300px) 100vw, 1300px\" \/><\/figure>\n\n\n\n<div class=\"wp-block-group has-global-padding is-layout-constrained wp-block-group-is-layout-constrained\">\n<p>Roma, Via Arenula. Jest to nie do ko\u0144ca typowe rzymskie \u015br\u00f3dmie\u015bcie, poniewa\u017c ruch samochodowy zosta\u0142 tu uspokojony aby zrobi\u0107 miejsce dla tramwaj\u00f3w. Architektura natomiast prezentuje si\u0119 typowo w\u0142osko. 24.03.2012<\/p>\n<\/div>\n","protected":false},"excerpt":{"rendered":"<p>Roma, Via Arenula. Jest to nie do ko\u0144ca typowe rzymskie \u015br\u00f3dmie\u015bcie, poniewa\u017c ruch samochodowy zosta\u0142 tu uspokojony aby zrobi\u0107 miejsce dla tramwaj\u00f3w. Architektura natomiast prezentuje si\u0119 typowo w\u0142osko. 24.03.2012<\/p>\n","protected":false},"author":1,"featured_media":4060,"comment_status":"open","ping_status":"","sticky":false,"template":"","format":"standard","meta":{"footnotes":""},"categories":[46,3],"tags":[1114,1029,1030,1031,110],"class_list":["post-4059","post","type-post","status-publish","format-standard","has-post-thumbnail","hentry","category-rok-2012","category-tramwaj","tag-2012-03-24","tag-atac-roma","tag-fiat-cityway-i","tag-rzym","tag-wlochy"],"_links":{"self":[{"href":"http:\/\/wgphoto.pl\/t\/index.php?rest_route=\/wp\/v2\/posts\/4059","targetHints":{"allow":["GET"]}}],"collection":[{"href":"http:\/\/wgphoto.pl\/t\/index.php?rest_route=\/wp\/v2\/posts"}],"about":[{"href":"http:\/\/wgphoto.pl\/t\/index.php?rest_route=\/wp\/v2\/types\/post"}],"author":[{"embeddable":true,"href":"http:\/\/wgphoto.pl\/t\/index.php?rest_route=\/wp\/v2\/users\/1"}],"replies":[{"embeddable":true,"href":"http:\/\/wgphoto.pl\/t\/index.php?rest_route=%2Fwp%2Fv2%2Fcomments&post=4059"}],"version-history":[{"count":1,"href":"http:\/\/wgphoto.pl\/t\/index.php?rest_route=\/wp\/v2\/posts\/4059\/revisions"}],"predecessor-version":[{"id":4061,"href":"http:\/\/wgphoto.pl\/t\/index.php?rest_route=\/wp\/v2\/posts\/4059\/revisions\/4061"}],"wp:featuredmedia":[{"embeddable":true,"href":"http:\/\/wgphoto.pl\/t\/index.php?rest_route=\/wp\/v2\/media\/4060"}],"wp:attachment":[{"href":"http:\/\/wgphoto.pl\/t\/index.php?rest_route=%2Fwp%2Fv2%2Fmedia&parent=4059"}],"wp:term":[{"taxonomy":"category","embeddable":true,"href":"http:\/\/wgphoto.pl\/t\/index.php?rest_route=%2Fwp%2Fv2%2Fcategories&post=4059"},{"taxonomy":"post_tag","embeddable":true,"href":"http:\/\/wgphoto.pl\/t\/index.php?rest_route=%2Fwp%2Fv2%2Ftags&post=4059"}],"curies":[{"name":"wp","href":"https:\/\/api.w.org\/{rel}","templated":true}]}}