{"id":4095,"date":"2024-10-28T18:03:54","date_gmt":"2024-10-28T17:03:54","guid":{"rendered":"https:\/\/wgphoto.pl\/t\/?p=4095"},"modified":"2024-10-28T18:03:54","modified_gmt":"2024-10-28T17:03:54","slug":"jednokierunkowy-dwukierunkowiec","status":"publish","type":"post","link":"http:\/\/wgphoto.pl\/t\/?p=4095","title":{"rendered":"Jednokierunkowy dwukierunkowiec"},"content":{"rendered":"\n<figure class=\"wp-block-image aligncenter size-full\"><img loading=\"lazy\" decoding=\"async\" width=\"1300\" height=\"867\" src=\"https:\/\/wgphoto.pl\/t\/wp-content\/uploads\/2024\/10\/0815-22.jpg\" alt=\"\" class=\"wp-image-4096\" srcset=\"http:\/\/wgphoto.pl\/t\/wp-content\/uploads\/2024\/10\/0815-22.jpg 1300w, http:\/\/wgphoto.pl\/t\/wp-content\/uploads\/2024\/10\/0815-22-300x200.jpg 300w, http:\/\/wgphoto.pl\/t\/wp-content\/uploads\/2024\/10\/0815-22-768x512.jpg 768w\" sizes=\"auto, (max-width: 1300px) 100vw, 1300px\" \/><\/figure>\n\n\n\n<div class=\"wp-block-group has-global-padding is-layout-constrained wp-block-group-is-layout-constrained\">\n<p>Ostrawa, ul. N\u00e1dra\u017en\u00ed, KT8D5.RN1 1501. Ostrawa, jak ka\u017cde wi\u0119ksze czeskie miasto, ma na stanie wagony serii KT8. Jednak tylko tutaj te fabrycznie dwukierunkowe pojazdy przebudowano na wersj\u0119 jednokierunkow\u0105, co dziwi, wszak posiadanie paru dwukierunkowych tramwaj\u00f3w ma wi\u0119cej zalet ni\u017c wad. 23.09.2008<\/p>\n<\/div>\n","protected":false},"excerpt":{"rendered":"<p>Ostrawa, ul. N\u00e1dra\u017en\u00ed, KT8D5.RN1 1501. Ostrawa, jak ka\u017cde wi\u0119ksze czeskie miasto, ma na stanie wagony serii KT8. Jednak tylko tutaj te fabrycznie dwukierunkowe pojazdy przebudowano na wersj\u0119 jednokierunkow\u0105, co dziwi, wszak posiadanie paru dwukierunkowych tramwaj\u00f3w ma wi\u0119cej zalet ni\u017c wad. 23.09.2008<\/p>\n","protected":false},"author":1,"featured_media":4096,"comment_status":"open","ping_status":"","sticky":false,"template":"","format":"standard","meta":{"footnotes":""},"categories":[62,120,3],"tags":[1742,34,49,899,897,1075],"class_list":["post-4095","post","type-post","status-publish","format-standard","has-post-thumbnail","hentry","category-analog","category-rok-2008","category-tramwaj","tag-2008-09-23","tag-architektura","tag-czechy","tag-dp-ostrava","tag-ostrawa","tag-tatra-kt8"],"_links":{"self":[{"href":"http:\/\/wgphoto.pl\/t\/index.php?rest_route=\/wp\/v2\/posts\/4095","targetHints":{"allow":["GET"]}}],"collection":[{"href":"http:\/\/wgphoto.pl\/t\/index.php?rest_route=\/wp\/v2\/posts"}],"about":[{"href":"http:\/\/wgphoto.pl\/t\/index.php?rest_route=\/wp\/v2\/types\/post"}],"author":[{"embeddable":true,"href":"http:\/\/wgphoto.pl\/t\/index.php?rest_route=\/wp\/v2\/users\/1"}],"replies":[{"embeddable":true,"href":"http:\/\/wgphoto.pl\/t\/index.php?rest_route=%2Fwp%2Fv2%2Fcomments&post=4095"}],"version-history":[{"count":1,"href":"http:\/\/wgphoto.pl\/t\/index.php?rest_route=\/wp\/v2\/posts\/4095\/revisions"}],"predecessor-version":[{"id":4097,"href":"http:\/\/wgphoto.pl\/t\/index.php?rest_route=\/wp\/v2\/posts\/4095\/revisions\/4097"}],"wp:featuredmedia":[{"embeddable":true,"href":"http:\/\/wgphoto.pl\/t\/index.php?rest_route=\/wp\/v2\/media\/4096"}],"wp:attachment":[{"href":"http:\/\/wgphoto.pl\/t\/index.php?rest_route=%2Fwp%2Fv2%2Fmedia&parent=4095"}],"wp:term":[{"taxonomy":"category","embeddable":true,"href":"http:\/\/wgphoto.pl\/t\/index.php?rest_route=%2Fwp%2Fv2%2Fcategories&post=4095"},{"taxonomy":"post_tag","embeddable":true,"href":"http:\/\/wgphoto.pl\/t\/index.php?rest_route=%2Fwp%2Fv2%2Ftags&post=4095"}],"curies":[{"name":"wp","href":"https:\/\/api.w.org\/{rel}","templated":true}]}}