{"id":4119,"date":"2024-10-28T18:11:13","date_gmt":"2024-10-28T17:11:13","guid":{"rendered":"https:\/\/wgphoto.pl\/t\/?p=4119"},"modified":"2024-10-28T18:11:13","modified_gmt":"2024-10-28T17:11:13","slug":"754-029-7-plzen-hl-n","status":"publish","type":"post","link":"http:\/\/wgphoto.pl\/t\/?p=4119","title":{"rendered":"754.029-7, Plze\u0148 hl.n."},"content":{"rendered":"\n<figure class=\"wp-block-image aligncenter size-full\"><img loading=\"lazy\" decoding=\"async\" width=\"1300\" height=\"812\" src=\"https:\/\/wgphoto.pl\/t\/wp-content\/uploads\/2024\/10\/0814-07.jpg\" alt=\"\" class=\"wp-image-4120\" srcset=\"http:\/\/wgphoto.pl\/t\/wp-content\/uploads\/2024\/10\/0814-07.jpg 1300w, http:\/\/wgphoto.pl\/t\/wp-content\/uploads\/2024\/10\/0814-07-300x187.jpg 300w, http:\/\/wgphoto.pl\/t\/wp-content\/uploads\/2024\/10\/0814-07-768x480.jpg 768w\" sizes=\"auto, (max-width: 1300px) 100vw, 1300px\" \/><\/figure>\n\n\n\n<div class=\"wp-block-group has-global-padding is-layout-constrained wp-block-group-is-layout-constrained\">\n<p>Budynek dworca g\u0142\u00f3wnego w Pil\u017anie jest doprawdy imponuj\u0105cy. Tytu\u0142owa lokomotywa odjedzie wkr\u00f3tce z osob\u00f3wk\u0105 do Doma\u017elic. 11.09.2008<\/p>\n<\/div>\n","protected":false},"excerpt":{"rendered":"<p>Budynek dworca g\u0142\u00f3wnego w Pil\u017anie jest doprawdy imponuj\u0105cy. Tytu\u0142owa lokomotywa odjedzie wkr\u00f3tce z osob\u00f3wk\u0105 do Doma\u017elic. 11.09.2008<\/p>\n","protected":false},"author":1,"featured_media":4120,"comment_status":"open","ping_status":"","sticky":false,"template":"","format":"standard","meta":{"footnotes":""},"categories":[62,2,120],"tags":[715,335,50,49,154,1675,1745,522],"class_list":["post-4119","post","type-post","status-publish","format-standard","has-post-thumbnail","hentry","category-analog","category-kolej","category-rok-2008","tag-2008-09-11","tag-335","tag-cd","tag-czechy","tag-noc","tag-pilzno","tag-plzen-hlavni-nadrazi","tag-tab-cz183"],"_links":{"self":[{"href":"http:\/\/wgphoto.pl\/t\/index.php?rest_route=\/wp\/v2\/posts\/4119","targetHints":{"allow":["GET"]}}],"collection":[{"href":"http:\/\/wgphoto.pl\/t\/index.php?rest_route=\/wp\/v2\/posts"}],"about":[{"href":"http:\/\/wgphoto.pl\/t\/index.php?rest_route=\/wp\/v2\/types\/post"}],"author":[{"embeddable":true,"href":"http:\/\/wgphoto.pl\/t\/index.php?rest_route=\/wp\/v2\/users\/1"}],"replies":[{"embeddable":true,"href":"http:\/\/wgphoto.pl\/t\/index.php?rest_route=%2Fwp%2Fv2%2Fcomments&post=4119"}],"version-history":[{"count":1,"href":"http:\/\/wgphoto.pl\/t\/index.php?rest_route=\/wp\/v2\/posts\/4119\/revisions"}],"predecessor-version":[{"id":4121,"href":"http:\/\/wgphoto.pl\/t\/index.php?rest_route=\/wp\/v2\/posts\/4119\/revisions\/4121"}],"wp:featuredmedia":[{"embeddable":true,"href":"http:\/\/wgphoto.pl\/t\/index.php?rest_route=\/wp\/v2\/media\/4120"}],"wp:attachment":[{"href":"http:\/\/wgphoto.pl\/t\/index.php?rest_route=%2Fwp%2Fv2%2Fmedia&parent=4119"}],"wp:term":[{"taxonomy":"category","embeddable":true,"href":"http:\/\/wgphoto.pl\/t\/index.php?rest_route=%2Fwp%2Fv2%2Fcategories&post=4119"},{"taxonomy":"post_tag","embeddable":true,"href":"http:\/\/wgphoto.pl\/t\/index.php?rest_route=%2Fwp%2Fv2%2Ftags&post=4119"}],"curies":[{"name":"wp","href":"https:\/\/api.w.org\/{rel}","templated":true}]}}