{"id":4128,"date":"2024-10-28T18:14:06","date_gmt":"2024-10-28T17:14:06","guid":{"rendered":"https:\/\/wgphoto.pl\/t\/?p=4128"},"modified":"2024-10-28T18:14:06","modified_gmt":"2024-10-28T17:14:06","slug":"nadal-bardzo-deszczowy-poranek","status":"publish","type":"post","link":"http:\/\/wgphoto.pl\/t\/?p=4128","title":{"rendered":"Nadal bardzo deszczowy poranek"},"content":{"rendered":"\n<figure class=\"wp-block-image aligncenter size-full\"><img loading=\"lazy\" decoding=\"async\" width=\"1300\" height=\"867\" src=\"https:\/\/wgphoto.pl\/t\/wp-content\/uploads\/2024\/10\/0619-37.jpg\" alt=\"\" class=\"wp-image-4129\" srcset=\"http:\/\/wgphoto.pl\/t\/wp-content\/uploads\/2024\/10\/0619-37.jpg 1300w, http:\/\/wgphoto.pl\/t\/wp-content\/uploads\/2024\/10\/0619-37-300x200.jpg 300w, http:\/\/wgphoto.pl\/t\/wp-content\/uploads\/2024\/10\/0619-37-768x512.jpg 768w\" sizes=\"auto, (max-width: 1300px) 100vw, 1300px\" \/><\/figure>\n\n\n\n<div class=\"wp-block-group has-global-padding is-layout-constrained wp-block-group-is-layout-constrained\">\n<p>SM42-825 z poci\u0105giem osobowym 7024 relacji Zag\u00f3rz &#8211; Jas\u0142o wje\u017cd\u017ca na stacj\u0119 Wr\u00f3blik Szlachecki. Mia\u0142em w planach zosta\u0107 tam na d\u0142u\u017cej, ale poniewa\u017c la\u0142o, zmy\u0142em si\u0119 najbli\u017cszym poci\u0105giem, jad\u0105cym na szcz\u0119\u015bcie tylko oko\u0142o godziny po tym, z kt\u00f3rego wysiad\u0142em. 14.08.2006<\/p>\n<\/div>\n","protected":false},"excerpt":{"rendered":"<p>SM42-825 z poci\u0105giem osobowym 7024 relacji Zag\u00f3rz &#8211; Jas\u0142o wje\u017cd\u017ca na stacj\u0119 Wr\u00f3blik Szlachecki. Mia\u0142em w planach zosta\u0107 tam na d\u0142u\u017cej, ale poniewa\u017c la\u0142o, zmy\u0142em si\u0119 najbli\u017cszym poci\u0105giem, jad\u0105cym na szcz\u0119\u015bcie tylko oko\u0142o godziny po tym, z kt\u00f3rego wysiad\u0142em. 14.08.2006<\/p>\n","protected":false},"author":1,"featured_media":4129,"comment_status":"open","ping_status":"","sticky":false,"template":"","format":"standard","meta":{"footnotes":""},"categories":[62,2,130],"tags":[1747,13,27,176,473,53,471,470],"class_list":["post-4128","post","type-post","status-publish","format-standard","has-post-thumbnail","hentry","category-analog","category-kolej","category-rok-2006","tag-2006-08-14","tag-deszcz","tag-polska","tag-rano","tag-sm42","tag-sygnalizacja-ksztaltowa","tag-tab-pl131","tag-wroblik-szlachecki"],"_links":{"self":[{"href":"http:\/\/wgphoto.pl\/t\/index.php?rest_route=\/wp\/v2\/posts\/4128","targetHints":{"allow":["GET"]}}],"collection":[{"href":"http:\/\/wgphoto.pl\/t\/index.php?rest_route=\/wp\/v2\/posts"}],"about":[{"href":"http:\/\/wgphoto.pl\/t\/index.php?rest_route=\/wp\/v2\/types\/post"}],"author":[{"embeddable":true,"href":"http:\/\/wgphoto.pl\/t\/index.php?rest_route=\/wp\/v2\/users\/1"}],"replies":[{"embeddable":true,"href":"http:\/\/wgphoto.pl\/t\/index.php?rest_route=%2Fwp%2Fv2%2Fcomments&post=4128"}],"version-history":[{"count":1,"href":"http:\/\/wgphoto.pl\/t\/index.php?rest_route=\/wp\/v2\/posts\/4128\/revisions"}],"predecessor-version":[{"id":4130,"href":"http:\/\/wgphoto.pl\/t\/index.php?rest_route=\/wp\/v2\/posts\/4128\/revisions\/4130"}],"wp:featuredmedia":[{"embeddable":true,"href":"http:\/\/wgphoto.pl\/t\/index.php?rest_route=\/wp\/v2\/media\/4129"}],"wp:attachment":[{"href":"http:\/\/wgphoto.pl\/t\/index.php?rest_route=%2Fwp%2Fv2%2Fmedia&parent=4128"}],"wp:term":[{"taxonomy":"category","embeddable":true,"href":"http:\/\/wgphoto.pl\/t\/index.php?rest_route=%2Fwp%2Fv2%2Fcategories&post=4128"},{"taxonomy":"post_tag","embeddable":true,"href":"http:\/\/wgphoto.pl\/t\/index.php?rest_route=%2Fwp%2Fv2%2Ftags&post=4128"}],"curies":[{"name":"wp","href":"https:\/\/api.w.org\/{rel}","templated":true}]}}