{"id":4243,"date":"2024-10-29T17:47:56","date_gmt":"2024-10-29T16:47:56","guid":{"rendered":"https:\/\/wgphoto.pl\/t\/?p=4243"},"modified":"2024-10-29T17:47:56","modified_gmt":"2024-10-29T16:47:56","slug":"tatra-k2s-nr-7103","status":"publish","type":"post","link":"http:\/\/wgphoto.pl\/t\/?p=4243","title":{"rendered":"Tatra K2S nr 7103"},"content":{"rendered":"\n<figure class=\"wp-block-image aligncenter size-full\"><img loading=\"lazy\" decoding=\"async\" width=\"1300\" height=\"813\" src=\"https:\/\/wgphoto.pl\/t\/wp-content\/uploads\/2024\/10\/0719-07.jpg\" alt=\"\" class=\"wp-image-4244\" srcset=\"http:\/\/wgphoto.pl\/t\/wp-content\/uploads\/2024\/10\/0719-07.jpg 1300w, http:\/\/wgphoto.pl\/t\/wp-content\/uploads\/2024\/10\/0719-07-300x188.jpg 300w, http:\/\/wgphoto.pl\/t\/wp-content\/uploads\/2024\/10\/0719-07-768x480.jpg 768w\" sizes=\"auto, (max-width: 1300px) 100vw, 1300px\" \/><\/figure>\n\n\n\n<div class=\"wp-block-group has-global-padding is-layout-constrained wp-block-group-is-layout-constrained\">\n<p>Bratys\u0142awa, Hurbanovo n\u00e1mestie. Zmodernizowana Tatra, \u00f3wczesna ikona bratys\u0142awskich <em>elektri\u010diek<\/em>, mijaj\u0105c ko\u015bci\u00f3\u0142 Trynitarzy wyje\u017cd\u017ca ze strefy pieszej po ciasnym \u0142uku powyginanym r\u00f3wnie\u017c w profilu. Strach po czym\u015b takim jecha\u0107 szerokim tramwajem po w\u0105skim torze. \ud83d\ude09 08.08.2007<\/p>\n<\/div>\n","protected":false},"excerpt":{"rendered":"<p>Bratys\u0142awa, Hurbanovo n\u00e1mestie. Zmodernizowana Tatra, \u00f3wczesna ikona bratys\u0142awskich elektri\u010diek, mijaj\u0105c ko\u015bci\u00f3\u0142 Trynitarzy wyje\u017cd\u017ca ze strefy pieszej po ciasnym \u0142uku powyginanym r\u00f3wnie\u017c w profilu. Strach po czym\u015b takim jecha\u0107 szerokim tramwajem po w\u0105skim torze. \ud83d\ude09 08.08.2007<\/p>\n","protected":false},"author":1,"featured_media":4244,"comment_status":"open","ping_status":"","sticky":false,"template":"","format":"standard","meta":{"footnotes":""},"categories":[62,96,3],"tags":[1329,34,902,906,675,994],"class_list":["post-4243","post","type-post","status-publish","format-standard","has-post-thumbnail","hentry","category-analog","category-rok-2007","category-tramwaj","tag-2007-08-08","tag-architektura","tag-bratyslawa","tag-dp-bratislava","tag-slowacja","tag-tatra-k2"],"_links":{"self":[{"href":"http:\/\/wgphoto.pl\/t\/index.php?rest_route=\/wp\/v2\/posts\/4243","targetHints":{"allow":["GET"]}}],"collection":[{"href":"http:\/\/wgphoto.pl\/t\/index.php?rest_route=\/wp\/v2\/posts"}],"about":[{"href":"http:\/\/wgphoto.pl\/t\/index.php?rest_route=\/wp\/v2\/types\/post"}],"author":[{"embeddable":true,"href":"http:\/\/wgphoto.pl\/t\/index.php?rest_route=\/wp\/v2\/users\/1"}],"replies":[{"embeddable":true,"href":"http:\/\/wgphoto.pl\/t\/index.php?rest_route=%2Fwp%2Fv2%2Fcomments&post=4243"}],"version-history":[{"count":1,"href":"http:\/\/wgphoto.pl\/t\/index.php?rest_route=\/wp\/v2\/posts\/4243\/revisions"}],"predecessor-version":[{"id":4245,"href":"http:\/\/wgphoto.pl\/t\/index.php?rest_route=\/wp\/v2\/posts\/4243\/revisions\/4245"}],"wp:featuredmedia":[{"embeddable":true,"href":"http:\/\/wgphoto.pl\/t\/index.php?rest_route=\/wp\/v2\/media\/4244"}],"wp:attachment":[{"href":"http:\/\/wgphoto.pl\/t\/index.php?rest_route=%2Fwp%2Fv2%2Fmedia&parent=4243"}],"wp:term":[{"taxonomy":"category","embeddable":true,"href":"http:\/\/wgphoto.pl\/t\/index.php?rest_route=%2Fwp%2Fv2%2Fcategories&post=4243"},{"taxonomy":"post_tag","embeddable":true,"href":"http:\/\/wgphoto.pl\/t\/index.php?rest_route=%2Fwp%2Fv2%2Ftags&post=4243"}],"curies":[{"name":"wp","href":"https:\/\/api.w.org\/{rel}","templated":true}]}}