{"id":4246,"date":"2024-10-29T17:49:04","date_gmt":"2024-10-29T16:49:04","guid":{"rendered":"https:\/\/wgphoto.pl\/t\/?p=4246"},"modified":"2024-10-29T17:49:04","modified_gmt":"2024-10-29T16:49:04","slug":"tego-przystanku-nie-obslugujemy-2","status":"publish","type":"post","link":"http:\/\/wgphoto.pl\/t\/?p=4246","title":{"rendered":"Tego przystanku nie obs\u0142ugujemy"},"content":{"rendered":"\n<figure class=\"wp-block-image aligncenter size-full\"><img loading=\"lazy\" decoding=\"async\" width=\"1300\" height=\"867\" src=\"https:\/\/wgphoto.pl\/t\/wp-content\/uploads\/2024\/10\/0527-19.jpg\" alt=\"\" class=\"wp-image-4247\" srcset=\"http:\/\/wgphoto.pl\/t\/wp-content\/uploads\/2024\/10\/0527-19.jpg 1300w, http:\/\/wgphoto.pl\/t\/wp-content\/uploads\/2024\/10\/0527-19-300x200.jpg 300w, http:\/\/wgphoto.pl\/t\/wp-content\/uploads\/2024\/10\/0527-19-768x512.jpg 768w\" sizes=\"auto, (max-width: 1300px) 100vw, 1300px\" \/><\/figure>\n\n\n\n<div class=\"wp-block-group has-global-padding is-layout-constrained wp-block-group-is-layout-constrained\">\n<p>\u2026poniewa\u017c go chwilowo nie ma. Bardzo rzadko si\u0119 zdarza, \u017ceby tor by\u0142 przejezdny, a okolica rozkopana. Tak jednak by\u0142o pod koniec studenckich wakacji na placu Grunwaldzkim, kt\u00f3ry ju\u017c za par\u0119 tygodni wype\u0142ni si\u0119 studentami, wi\u0119c przystanki musz\u0105 by\u0107 gotowe. 18.09.2005<\/p>\n<\/div>\n","protected":false},"excerpt":{"rendered":"<p>\u2026poniewa\u017c go chwilowo nie ma. Bardzo rzadko si\u0119 zdarza, \u017ceby tor by\u0142 przejezdny, a okolica rozkopana. Tak jednak by\u0142o pod koniec studenckich wakacji na placu Grunwaldzkim, kt\u00f3ry ju\u017c za par\u0119 tygodni wype\u0142ni si\u0119 studentami, wi\u0119c przystanki musz\u0105 by\u0107 gotowe. 18.09.2005<\/p>\n","protected":false},"author":1,"featured_media":4247,"comment_status":"open","ping_status":"","sticky":false,"template":"","format":"standard","meta":{"footnotes":""},"categories":[62,311,3],"tags":[155,1772,745,42,27,41],"class_list":["post-4246","post","type-post","status-publish","format-standard","has-post-thumbnail","hentry","category-analog","category-rok-2005","category-tramwaj","tag-105na","tag-2005-09-18","tag-budowa","tag-mpk-wroclaw","tag-polska","tag-wroclaw"],"_links":{"self":[{"href":"http:\/\/wgphoto.pl\/t\/index.php?rest_route=\/wp\/v2\/posts\/4246","targetHints":{"allow":["GET"]}}],"collection":[{"href":"http:\/\/wgphoto.pl\/t\/index.php?rest_route=\/wp\/v2\/posts"}],"about":[{"href":"http:\/\/wgphoto.pl\/t\/index.php?rest_route=\/wp\/v2\/types\/post"}],"author":[{"embeddable":true,"href":"http:\/\/wgphoto.pl\/t\/index.php?rest_route=\/wp\/v2\/users\/1"}],"replies":[{"embeddable":true,"href":"http:\/\/wgphoto.pl\/t\/index.php?rest_route=%2Fwp%2Fv2%2Fcomments&post=4246"}],"version-history":[{"count":1,"href":"http:\/\/wgphoto.pl\/t\/index.php?rest_route=\/wp\/v2\/posts\/4246\/revisions"}],"predecessor-version":[{"id":4248,"href":"http:\/\/wgphoto.pl\/t\/index.php?rest_route=\/wp\/v2\/posts\/4246\/revisions\/4248"}],"wp:featuredmedia":[{"embeddable":true,"href":"http:\/\/wgphoto.pl\/t\/index.php?rest_route=\/wp\/v2\/media\/4247"}],"wp:attachment":[{"href":"http:\/\/wgphoto.pl\/t\/index.php?rest_route=%2Fwp%2Fv2%2Fmedia&parent=4246"}],"wp:term":[{"taxonomy":"category","embeddable":true,"href":"http:\/\/wgphoto.pl\/t\/index.php?rest_route=%2Fwp%2Fv2%2Fcategories&post=4246"},{"taxonomy":"post_tag","embeddable":true,"href":"http:\/\/wgphoto.pl\/t\/index.php?rest_route=%2Fwp%2Fv2%2Ftags&post=4246"}],"curies":[{"name":"wp","href":"https:\/\/api.w.org\/{rel}","templated":true}]}}