{"id":4261,"date":"2024-10-30T16:18:52","date_gmt":"2024-10-30T15:18:52","guid":{"rendered":"https:\/\/wgphoto.pl\/t\/?p=4261"},"modified":"2024-10-30T16:18:52","modified_gmt":"2024-10-30T15:18:52","slug":"stacja-strzegom-w-pelnej-okazalosci","status":"publish","type":"post","link":"http:\/\/wgphoto.pl\/t\/?p=4261","title":{"rendered":"Stacja Strzegom w pe\u0142nej okaza\u0142o\u015bci"},"content":{"rendered":"\n<figure class=\"wp-block-image aligncenter size-full\"><img loading=\"lazy\" decoding=\"async\" width=\"1300\" height=\"731\" src=\"https:\/\/wgphoto.pl\/t\/wp-content\/uploads\/2024\/10\/0802-26a.jpg\" alt=\"\" class=\"wp-image-4262\" srcset=\"http:\/\/wgphoto.pl\/t\/wp-content\/uploads\/2024\/10\/0802-26a.jpg 1300w, http:\/\/wgphoto.pl\/t\/wp-content\/uploads\/2024\/10\/0802-26a-300x169.jpg 300w, http:\/\/wgphoto.pl\/t\/wp-content\/uploads\/2024\/10\/0802-26a-768x432.jpg 768w\" sizes=\"auto, (max-width: 1300px) 100vw, 1300px\" \/><\/figure>\n\n\n\n<div class=\"wp-block-group has-global-padding is-layout-constrained wp-block-group-is-layout-constrained\">\n<p>ST43-239 i 221 ze sk\u0142adem kamienia z Rogo\u017anicy p\u00f3\u017anym popo\u0142udniem przeje\u017cd\u017caj\u0105 przez stacj\u0119 w Strzegomiu. 10.02.2008<\/p>\n<\/div>\n","protected":false},"excerpt":{"rendered":"<p>ST43-239 i 221 ze sk\u0142adem kamienia z Rogo\u017anicy p\u00f3\u017anym popo\u0142udniem przeje\u017cd\u017caj\u0105 przez stacj\u0119 w Strzegomiu. 10.02.2008<\/p>\n","protected":false},"author":1,"featured_media":4262,"comment_status":"open","ping_status":"","sticky":false,"template":"","format":"standard","meta":{"footnotes":""},"categories":[62,2,120],"tags":[234,1067,63,27,64,433,319],"class_list":["post-4261","post","type-post","status-publish","format-standard","has-post-thumbnail","hentry","category-analog","category-kolej","category-rok-2008","tag-2008-02-10","tag-kamyki","tag-pkp","tag-polska","tag-st43","tag-strzegom","tag-tab-pl235"],"_links":{"self":[{"href":"http:\/\/wgphoto.pl\/t\/index.php?rest_route=\/wp\/v2\/posts\/4261","targetHints":{"allow":["GET"]}}],"collection":[{"href":"http:\/\/wgphoto.pl\/t\/index.php?rest_route=\/wp\/v2\/posts"}],"about":[{"href":"http:\/\/wgphoto.pl\/t\/index.php?rest_route=\/wp\/v2\/types\/post"}],"author":[{"embeddable":true,"href":"http:\/\/wgphoto.pl\/t\/index.php?rest_route=\/wp\/v2\/users\/1"}],"replies":[{"embeddable":true,"href":"http:\/\/wgphoto.pl\/t\/index.php?rest_route=%2Fwp%2Fv2%2Fcomments&post=4261"}],"version-history":[{"count":1,"href":"http:\/\/wgphoto.pl\/t\/index.php?rest_route=\/wp\/v2\/posts\/4261\/revisions"}],"predecessor-version":[{"id":4263,"href":"http:\/\/wgphoto.pl\/t\/index.php?rest_route=\/wp\/v2\/posts\/4261\/revisions\/4263"}],"wp:featuredmedia":[{"embeddable":true,"href":"http:\/\/wgphoto.pl\/t\/index.php?rest_route=\/wp\/v2\/media\/4262"}],"wp:attachment":[{"href":"http:\/\/wgphoto.pl\/t\/index.php?rest_route=%2Fwp%2Fv2%2Fmedia&parent=4261"}],"wp:term":[{"taxonomy":"category","embeddable":true,"href":"http:\/\/wgphoto.pl\/t\/index.php?rest_route=%2Fwp%2Fv2%2Fcategories&post=4261"},{"taxonomy":"post_tag","embeddable":true,"href":"http:\/\/wgphoto.pl\/t\/index.php?rest_route=%2Fwp%2Fv2%2Ftags&post=4261"}],"curies":[{"name":"wp","href":"https:\/\/api.w.org\/{rel}","templated":true}]}}