{"id":4264,"date":"2024-10-30T16:19:54","date_gmt":"2024-10-30T15:19:54","guid":{"rendered":"https:\/\/wgphoto.pl\/t\/?p=4264"},"modified":"2024-11-05T23:14:10","modified_gmt":"2024-11-05T22:14:10","slug":"berlin-wschodni-w-rumunii","status":"publish","type":"post","link":"http:\/\/wgphoto.pl\/t\/?p=4264","title":{"rendered":"Berlin Wschodni w Rumunii"},"content":{"rendered":"\n<figure class=\"wp-block-image aligncenter size-full\"><img loading=\"lazy\" decoding=\"async\" width=\"1300\" height=\"861\" src=\"https:\/\/wgphoto.pl\/t\/wp-content\/uploads\/2024\/10\/IMGP5877.jpg\" alt=\"\" class=\"wp-image-4265\" srcset=\"http:\/\/wgphoto.pl\/t\/wp-content\/uploads\/2024\/10\/IMGP5877.jpg 1300w, http:\/\/wgphoto.pl\/t\/wp-content\/uploads\/2024\/10\/IMGP5877-300x199.jpg 300w, http:\/\/wgphoto.pl\/t\/wp-content\/uploads\/2024\/10\/IMGP5877-768x509.jpg 768w\" sizes=\"auto, (max-width: 1300px) 100vw, 1300px\" \/><\/figure>\n\n\n\n<div class=\"wp-block-group has-global-padding is-layout-constrained wp-block-group-is-layout-constrained\">\n<p>Tak mog\u0142oby nawet wygl\u0105da\u0107 zdj\u0119cie z Berlina Wschodniego, ale od 22 lat Tatra KT4D nr 1326 je\u017adzi po rumu\u0144skim Ga\u0142aczu. Przez ten czas nie dorobi\u0142a si\u0119 nowego malowania, za to na tym berli\u0144skim najwidoczniej wielokrotnie naklejano reklamy. 18.10.2019<\/p>\n<\/div>\n","protected":false},"excerpt":{"rendered":"<p>Tak mog\u0142oby nawet wygl\u0105da\u0107 zdj\u0119cie z Berlina Wschodniego, ale od 22 lat Tatra KT4D nr 1326 je\u017adzi po rumu\u0144skim Ga\u0142aczu. Przez ten czas nie dorobi\u0142a si\u0119 nowego malowania, za to na tym berli\u0144skim najwidoczniej wielokrotnie naklejano reklamy. 18.10.2019<\/p>\n","protected":false},"author":1,"featured_media":4265,"comment_status":"open","ping_status":"","sticky":false,"template":"","format":"standard","meta":{"footnotes":""},"categories":[136,3],"tags":[963,964,821,574,33,962,575],"class_list":["post-4264","post","type-post","status-publish","format-standard","has-post-thumbnail","hentry","category-rok-2019","category-tramwaj","tag-2019-10-18","tag-galacz","tag-mgla","tag-rumunia","tag-tatra-kt4","tag-transurb-galati","tag-wakacje-2019"],"_links":{"self":[{"href":"http:\/\/wgphoto.pl\/t\/index.php?rest_route=\/wp\/v2\/posts\/4264","targetHints":{"allow":["GET"]}}],"collection":[{"href":"http:\/\/wgphoto.pl\/t\/index.php?rest_route=\/wp\/v2\/posts"}],"about":[{"href":"http:\/\/wgphoto.pl\/t\/index.php?rest_route=\/wp\/v2\/types\/post"}],"author":[{"embeddable":true,"href":"http:\/\/wgphoto.pl\/t\/index.php?rest_route=\/wp\/v2\/users\/1"}],"replies":[{"embeddable":true,"href":"http:\/\/wgphoto.pl\/t\/index.php?rest_route=%2Fwp%2Fv2%2Fcomments&post=4264"}],"version-history":[{"count":1,"href":"http:\/\/wgphoto.pl\/t\/index.php?rest_route=\/wp\/v2\/posts\/4264\/revisions"}],"predecessor-version":[{"id":4266,"href":"http:\/\/wgphoto.pl\/t\/index.php?rest_route=\/wp\/v2\/posts\/4264\/revisions\/4266"}],"wp:featuredmedia":[{"embeddable":true,"href":"http:\/\/wgphoto.pl\/t\/index.php?rest_route=\/wp\/v2\/media\/4265"}],"wp:attachment":[{"href":"http:\/\/wgphoto.pl\/t\/index.php?rest_route=%2Fwp%2Fv2%2Fmedia&parent=4264"}],"wp:term":[{"taxonomy":"category","embeddable":true,"href":"http:\/\/wgphoto.pl\/t\/index.php?rest_route=%2Fwp%2Fv2%2Fcategories&post=4264"},{"taxonomy":"post_tag","embeddable":true,"href":"http:\/\/wgphoto.pl\/t\/index.php?rest_route=%2Fwp%2Fv2%2Ftags&post=4264"}],"curies":[{"name":"wp","href":"https:\/\/api.w.org\/{rel}","templated":true}]}}