{"id":4286,"date":"2024-10-30T16:27:34","date_gmt":"2024-10-30T15:27:34","guid":{"rendered":"https:\/\/wgphoto.pl\/t\/?p=4286"},"modified":"2024-10-30T16:27:34","modified_gmt":"2024-10-30T15:27:34","slug":"zbyt-kolorowo-jak-na-niemcy","status":"publish","type":"post","link":"http:\/\/wgphoto.pl\/t\/?p=4286","title":{"rendered":"Zbyt kolorowo jak na Niemcy"},"content":{"rendered":"\n<figure class=\"wp-block-image aligncenter size-full\"><img loading=\"lazy\" decoding=\"async\" width=\"1300\" height=\"861\" src=\"https:\/\/wgphoto.pl\/t\/wp-content\/uploads\/2024\/10\/IMGP4927-1.jpg\" alt=\"\" class=\"wp-image-4288\" srcset=\"http:\/\/wgphoto.pl\/t\/wp-content\/uploads\/2024\/10\/IMGP4927-1.jpg 1300w, http:\/\/wgphoto.pl\/t\/wp-content\/uploads\/2024\/10\/IMGP4927-1-300x199.jpg 300w, http:\/\/wgphoto.pl\/t\/wp-content\/uploads\/2024\/10\/IMGP4927-1-768x509.jpg 768w\" sizes=\"auto, (max-width: 1300px) 100vw, 1300px\" \/><\/figure>\n\n\n\n<div class=\"wp-block-group has-global-padding is-layout-constrained wp-block-group-is-layout-constrained\">\n<p>Braunschweig, Waisenhausdamm. Klasyczny sk\u0142ad Duewag\u00f3w w\u015br\u00f3d pstrokatej architektury. Odnios\u0142em wra\u017cenie, \u017ce by\u0142 tam wi\u0119kszy ba\u0142agan przestrzenny ni\u017c w by\u0142ym NRD. 02.05.2016<\/p>\n<\/div>\n","protected":false},"excerpt":{"rendered":"<p>Braunschweig, Waisenhausdamm. Klasyczny sk\u0142ad Duewag\u00f3w w\u015br\u00f3d pstrokatej architektury. Odnios\u0142em wra\u017cenie, \u017ce by\u0142 tam wi\u0119kszy ba\u0142agan przestrzenny ni\u017c w by\u0142ym NRD. 02.05.2016<\/p>\n","protected":false},"author":1,"featured_media":4288,"comment_status":"open","ping_status":"","sticky":false,"template":"","format":"standard","meta":{"footnotes":""},"categories":[125,3],"tags":[637,636,634,101,635,23],"class_list":["post-4286","post","type-post","status-publish","format-standard","has-post-thumbnail","hentry","category-rok-2016","category-tramwaj","tag-2016-05-02","tag-braunschweig","tag-bsvag-braunschweig","tag-gt6","tag-majowka-2016","tag-niemcy"],"_links":{"self":[{"href":"http:\/\/wgphoto.pl\/t\/index.php?rest_route=\/wp\/v2\/posts\/4286","targetHints":{"allow":["GET"]}}],"collection":[{"href":"http:\/\/wgphoto.pl\/t\/index.php?rest_route=\/wp\/v2\/posts"}],"about":[{"href":"http:\/\/wgphoto.pl\/t\/index.php?rest_route=\/wp\/v2\/types\/post"}],"author":[{"embeddable":true,"href":"http:\/\/wgphoto.pl\/t\/index.php?rest_route=\/wp\/v2\/users\/1"}],"replies":[{"embeddable":true,"href":"http:\/\/wgphoto.pl\/t\/index.php?rest_route=%2Fwp%2Fv2%2Fcomments&post=4286"}],"version-history":[{"count":1,"href":"http:\/\/wgphoto.pl\/t\/index.php?rest_route=\/wp\/v2\/posts\/4286\/revisions"}],"predecessor-version":[{"id":4289,"href":"http:\/\/wgphoto.pl\/t\/index.php?rest_route=\/wp\/v2\/posts\/4286\/revisions\/4289"}],"wp:featuredmedia":[{"embeddable":true,"href":"http:\/\/wgphoto.pl\/t\/index.php?rest_route=\/wp\/v2\/media\/4288"}],"wp:attachment":[{"href":"http:\/\/wgphoto.pl\/t\/index.php?rest_route=%2Fwp%2Fv2%2Fmedia&parent=4286"}],"wp:term":[{"taxonomy":"category","embeddable":true,"href":"http:\/\/wgphoto.pl\/t\/index.php?rest_route=%2Fwp%2Fv2%2Fcategories&post=4286"},{"taxonomy":"post_tag","embeddable":true,"href":"http:\/\/wgphoto.pl\/t\/index.php?rest_route=%2Fwp%2Fv2%2Ftags&post=4286"}],"curies":[{"name":"wp","href":"https:\/\/api.w.org\/{rel}","templated":true}]}}