{"id":4290,"date":"2024-10-30T16:29:16","date_gmt":"2024-10-30T15:29:16","guid":{"rendered":"https:\/\/wgphoto.pl\/t\/?p=4290"},"modified":"2026-02-22T23:17:41","modified_gmt":"2026-02-22T22:17:41","slug":"o-zachodzie-na-zachodzie-miasta","status":"publish","type":"post","link":"http:\/\/wgphoto.pl\/t\/?p=4290","title":{"rendered":"O zachodzie na zachodzie miasta"},"content":{"rendered":"\n<figure class=\"wp-block-image aligncenter size-full\"><img loading=\"lazy\" decoding=\"async\" width=\"750\" height=\"1000\" src=\"https:\/\/wgphoto.pl\/t\/wp-content\/uploads\/2024\/10\/IMGP8145.jpg\" alt=\"\" class=\"wp-image-4292\" srcset=\"http:\/\/wgphoto.pl\/t\/wp-content\/uploads\/2024\/10\/IMGP8145.jpg 750w, http:\/\/wgphoto.pl\/t\/wp-content\/uploads\/2024\/10\/IMGP8145-225x300.jpg 225w\" sizes=\"auto, (max-width: 750px) 100vw, 750px\" \/><\/figure>\n\n\n\n<div class=\"wp-block-group has-global-padding is-layout-constrained wp-block-group-is-layout-constrained\">\n<p>Wiede\u0144, odcinek Braunschweiggasse &#8211; Hietzing. Kiedy\u015b wrzuca\u0142em wersj\u0119 poziom\u0105 i z nowym sk\u0142adem. 25.05.2012<\/p>\n<\/div>\n","protected":false},"excerpt":{"rendered":"<p>Wiede\u0144, odcinek Braunschweiggasse &#8211; Hietzing. Kiedy\u015b wrzuca\u0142em wersj\u0119 poziom\u0105 i z nowym sk\u0142adem. 25.05.2012<\/p>\n","protected":false},"author":1,"featured_media":4292,"comment_status":"open","ping_status":"","sticky":false,"template":"","format":"standard","meta":{"footnotes":""},"categories":[4,128,46],"tags":[406,34,9,32,73,4680,99,97,98],"class_list":["post-4290","post","type-post","status-publish","format-standard","has-post-thumbnail","hentry","category-metro","category-pionowe","category-rok-2012","tag-2012-05-25","tag-architektura","tag-austria","tag-pionowe","tag-rzeka","tag-u","tag-u-bahn-wien","tag-wieden","tag-wiener-linien"],"_links":{"self":[{"href":"http:\/\/wgphoto.pl\/t\/index.php?rest_route=\/wp\/v2\/posts\/4290","targetHints":{"allow":["GET"]}}],"collection":[{"href":"http:\/\/wgphoto.pl\/t\/index.php?rest_route=\/wp\/v2\/posts"}],"about":[{"href":"http:\/\/wgphoto.pl\/t\/index.php?rest_route=\/wp\/v2\/types\/post"}],"author":[{"embeddable":true,"href":"http:\/\/wgphoto.pl\/t\/index.php?rest_route=\/wp\/v2\/users\/1"}],"replies":[{"embeddable":true,"href":"http:\/\/wgphoto.pl\/t\/index.php?rest_route=%2Fwp%2Fv2%2Fcomments&post=4290"}],"version-history":[{"count":1,"href":"http:\/\/wgphoto.pl\/t\/index.php?rest_route=\/wp\/v2\/posts\/4290\/revisions"}],"predecessor-version":[{"id":4293,"href":"http:\/\/wgphoto.pl\/t\/index.php?rest_route=\/wp\/v2\/posts\/4290\/revisions\/4293"}],"wp:featuredmedia":[{"embeddable":true,"href":"http:\/\/wgphoto.pl\/t\/index.php?rest_route=\/wp\/v2\/media\/4292"}],"wp:attachment":[{"href":"http:\/\/wgphoto.pl\/t\/index.php?rest_route=%2Fwp%2Fv2%2Fmedia&parent=4290"}],"wp:term":[{"taxonomy":"category","embeddable":true,"href":"http:\/\/wgphoto.pl\/t\/index.php?rest_route=%2Fwp%2Fv2%2Fcategories&post=4290"},{"taxonomy":"post_tag","embeddable":true,"href":"http:\/\/wgphoto.pl\/t\/index.php?rest_route=%2Fwp%2Fv2%2Ftags&post=4290"}],"curies":[{"name":"wp","href":"https:\/\/api.w.org\/{rel}","templated":true}]}}