{"id":4297,"date":"2024-10-30T17:16:11","date_gmt":"2024-10-30T16:16:11","guid":{"rendered":"https:\/\/wgphoto.pl\/t\/?p=4297"},"modified":"2024-10-30T17:16:30","modified_gmt":"2024-10-30T16:16:30","slug":"witamy-w-miescie-2","status":"publish","type":"post","link":"http:\/\/wgphoto.pl\/t\/?p=4297","title":{"rendered":"Witamy w mie\u015bcie"},"content":{"rendered":"\n<figure class=\"wp-block-image aligncenter size-full\"><img loading=\"lazy\" decoding=\"async\" width=\"1300\" height=\"861\" src=\"https:\/\/wgphoto.pl\/t\/wp-content\/uploads\/2024\/10\/IMGP5714.jpg\" alt=\"\" class=\"wp-image-4298\" srcset=\"http:\/\/wgphoto.pl\/t\/wp-content\/uploads\/2024\/10\/IMGP5714.jpg 1300w, http:\/\/wgphoto.pl\/t\/wp-content\/uploads\/2024\/10\/IMGP5714-300x199.jpg 300w, http:\/\/wgphoto.pl\/t\/wp-content\/uploads\/2024\/10\/IMGP5714-768x509.jpg 768w\" sizes=\"auto, (max-width: 1300px) 100vw, 1300px\" \/><\/figure>\n\n\n\n<div class=\"wp-block-group has-global-padding is-layout-constrained wp-block-group-is-layout-constrained\">\n<p>Tatra KT4D #9086, nosz\u0105ca najprawdopodobniej wci\u0105\u017c oryginalne malowanie z Berlina Wschodniego, wje\u017cd\u017ca do cywilizacji, cho\u0107 okolica zdradza to bardzo nie\u015bmia\u0142o. Tu\u017c za skrzy\u017cowaniem widocznym w tle przebiega granica administracyjna Brai\u0142y, tramwaj za\u015b jedzie spod kombinatu o kryptonimie CCH. Po lewej stronie znajduje si\u0119 zajezdnia tramwajowa, a pod p\u0142otem le\u017c\u0105 starou\u017cyteczne p\u0142yty pod zabudow\u0119 tor\u00f3w w technologii p\u0142yty w\u0119gierskiej. 17.10.2019<\/p>\n<\/div>\n","protected":false},"excerpt":{"rendered":"<p>Tatra KT4D #9086, nosz\u0105ca najprawdopodobniej wci\u0105\u017c oryginalne malowanie z Berlina Wschodniego, wje\u017cd\u017ca do cywilizacji, cho\u0107 okolica zdradza to bardzo nie\u015bmia\u0142o. Tu\u017c za skrzy\u017cowaniem widocznym w tle przebiega granica administracyjna Brai\u0142y, tramwaj za\u015b jedzie spod kombinatu o kryptonimie CCH. Po lewej stronie znajduje si\u0119 zajezdnia tramwajowa, a pod p\u0142otem le\u017c\u0105 starou\u017cyteczne p\u0142yty pod zabudow\u0119 tor\u00f3w w [&hellip;]<\/p>\n","protected":false},"author":1,"featured_media":4298,"comment_status":"open","ping_status":"","sticky":false,"template":"","format":"standard","meta":{"footnotes":""},"categories":[136,3],"tags":[576,572,573,574,33,575],"class_list":["post-4297","post","type-post","status-publish","format-standard","has-post-thumbnail","hentry","category-rok-2019","category-tramwaj","tag-2019-10-17","tag-braicar-braila","tag-braila","tag-rumunia","tag-tatra-kt4","tag-wakacje-2019"],"_links":{"self":[{"href":"http:\/\/wgphoto.pl\/t\/index.php?rest_route=\/wp\/v2\/posts\/4297","targetHints":{"allow":["GET"]}}],"collection":[{"href":"http:\/\/wgphoto.pl\/t\/index.php?rest_route=\/wp\/v2\/posts"}],"about":[{"href":"http:\/\/wgphoto.pl\/t\/index.php?rest_route=\/wp\/v2\/types\/post"}],"author":[{"embeddable":true,"href":"http:\/\/wgphoto.pl\/t\/index.php?rest_route=\/wp\/v2\/users\/1"}],"replies":[{"embeddable":true,"href":"http:\/\/wgphoto.pl\/t\/index.php?rest_route=%2Fwp%2Fv2%2Fcomments&post=4297"}],"version-history":[{"count":1,"href":"http:\/\/wgphoto.pl\/t\/index.php?rest_route=\/wp\/v2\/posts\/4297\/revisions"}],"predecessor-version":[{"id":4299,"href":"http:\/\/wgphoto.pl\/t\/index.php?rest_route=\/wp\/v2\/posts\/4297\/revisions\/4299"}],"wp:featuredmedia":[{"embeddable":true,"href":"http:\/\/wgphoto.pl\/t\/index.php?rest_route=\/wp\/v2\/media\/4298"}],"wp:attachment":[{"href":"http:\/\/wgphoto.pl\/t\/index.php?rest_route=%2Fwp%2Fv2%2Fmedia&parent=4297"}],"wp:term":[{"taxonomy":"category","embeddable":true,"href":"http:\/\/wgphoto.pl\/t\/index.php?rest_route=%2Fwp%2Fv2%2Fcategories&post=4297"},{"taxonomy":"post_tag","embeddable":true,"href":"http:\/\/wgphoto.pl\/t\/index.php?rest_route=%2Fwp%2Fv2%2Ftags&post=4297"}],"curies":[{"name":"wp","href":"https:\/\/api.w.org\/{rel}","templated":true}]}}