{"id":4316,"date":"2024-10-30T17:22:40","date_gmt":"2024-10-30T16:22:40","guid":{"rendered":"https:\/\/wgphoto.pl\/t\/?p=4316"},"modified":"2024-10-30T17:22:40","modified_gmt":"2024-10-30T16:22:40","slug":"peron-trzeci","status":"publish","type":"post","link":"http:\/\/wgphoto.pl\/t\/?p=4316","title":{"rendered":"Peron trzeci"},"content":{"rendered":"\n<figure class=\"wp-block-image aligncenter size-full\"><img loading=\"lazy\" decoding=\"async\" width=\"1300\" height=\"871\" src=\"https:\/\/wgphoto.pl\/t\/wp-content\/uploads\/2024\/10\/IMGP4617.jpg\" alt=\"\" class=\"wp-image-4317\" srcset=\"http:\/\/wgphoto.pl\/t\/wp-content\/uploads\/2024\/10\/IMGP4617.jpg 1300w, http:\/\/wgphoto.pl\/t\/wp-content\/uploads\/2024\/10\/IMGP4617-300x201.jpg 300w, http:\/\/wgphoto.pl\/t\/wp-content\/uploads\/2024\/10\/IMGP4617-768x515.jpg 768w\" sizes=\"auto, (max-width: 1300px) 100vw, 1300px\" \/><\/figure>\n\n\n\n<div class=\"wp-block-group has-global-padding is-layout-constrained wp-block-group-is-layout-constrained\">\n<p>Trzeci, g\u00f3rny peron stacji \u0160trba s\u0142u\u017cy kolei z\u0119batej. Dwie jednostki oczekuj\u0105 w szczycie przewozowym (jest bowiem weekendowy poranek) na t\u0142umy turyst\u00f3w, kt\u00f3rzy przyjad\u0105 tu za chwil\u0119 poci\u0105gami od strony Bratys\u0142awy i Koszyc. 15.08.2019<\/p>\n<\/div>\n","protected":false},"excerpt":{"rendered":"<p>Trzeci, g\u00f3rny peron stacji \u0160trba s\u0142u\u017cy kolei z\u0119batej. Dwie jednostki oczekuj\u0105 w szczycie przewozowym (jest bowiem weekendowy poranek) na t\u0142umy turyst\u00f3w, kt\u00f3rzy przyjad\u0105 tu za chwil\u0119 poci\u0105gami od strony Bratys\u0142awy i Koszyc. 15.08.2019<\/p>\n","protected":false},"author":1,"featured_media":4317,"comment_status":"open","ping_status":"","sticky":false,"template":"","format":"standard","meta":{"footnotes":""},"categories":[2,136],"tags":[1163,1257,1258,24,1168,675,670,1255,469],"class_list":["post-4316","post","type-post","status-publish","format-standard","has-post-thumbnail","hentry","category-kolej","category-rok-2019","tag-2019-08-15","tag-1257","tag-oz","tag-perony","tag-sierpniowka-2019","tag-slowacja","tag-strba","tag-zebatka","tag-zssk"],"_links":{"self":[{"href":"http:\/\/wgphoto.pl\/t\/index.php?rest_route=\/wp\/v2\/posts\/4316","targetHints":{"allow":["GET"]}}],"collection":[{"href":"http:\/\/wgphoto.pl\/t\/index.php?rest_route=\/wp\/v2\/posts"}],"about":[{"href":"http:\/\/wgphoto.pl\/t\/index.php?rest_route=\/wp\/v2\/types\/post"}],"author":[{"embeddable":true,"href":"http:\/\/wgphoto.pl\/t\/index.php?rest_route=\/wp\/v2\/users\/1"}],"replies":[{"embeddable":true,"href":"http:\/\/wgphoto.pl\/t\/index.php?rest_route=%2Fwp%2Fv2%2Fcomments&post=4316"}],"version-history":[{"count":1,"href":"http:\/\/wgphoto.pl\/t\/index.php?rest_route=\/wp\/v2\/posts\/4316\/revisions"}],"predecessor-version":[{"id":4318,"href":"http:\/\/wgphoto.pl\/t\/index.php?rest_route=\/wp\/v2\/posts\/4316\/revisions\/4318"}],"wp:featuredmedia":[{"embeddable":true,"href":"http:\/\/wgphoto.pl\/t\/index.php?rest_route=\/wp\/v2\/media\/4317"}],"wp:attachment":[{"href":"http:\/\/wgphoto.pl\/t\/index.php?rest_route=%2Fwp%2Fv2%2Fmedia&parent=4316"}],"wp:term":[{"taxonomy":"category","embeddable":true,"href":"http:\/\/wgphoto.pl\/t\/index.php?rest_route=%2Fwp%2Fv2%2Fcategories&post=4316"},{"taxonomy":"post_tag","embeddable":true,"href":"http:\/\/wgphoto.pl\/t\/index.php?rest_route=%2Fwp%2Fv2%2Ftags&post=4316"}],"curies":[{"name":"wp","href":"https:\/\/api.w.org\/{rel}","templated":true}]}}