{"id":4323,"date":"2024-10-30T17:24:51","date_gmt":"2024-10-30T16:24:51","guid":{"rendered":"https:\/\/wgphoto.pl\/t\/?p=4323"},"modified":"2024-10-30T17:24:51","modified_gmt":"2024-10-30T16:24:51","slug":"metropolitan-w-metropolii","status":"publish","type":"post","link":"http:\/\/wgphoto.pl\/t\/?p=4323","title":{"rendered":"&#8222;Metropolitan&#8221; w metropolii"},"content":{"rendered":"\n<figure class=\"wp-block-image aligncenter size-full\"><img loading=\"lazy\" decoding=\"async\" width=\"1300\" height=\"861\" src=\"https:\/\/wgphoto.pl\/t\/wp-content\/uploads\/2024\/10\/IMGP4317.jpg\" alt=\"\" class=\"wp-image-4324\" srcset=\"http:\/\/wgphoto.pl\/t\/wp-content\/uploads\/2024\/10\/IMGP4317.jpg 1300w, http:\/\/wgphoto.pl\/t\/wp-content\/uploads\/2024\/10\/IMGP4317-300x199.jpg 300w, http:\/\/wgphoto.pl\/t\/wp-content\/uploads\/2024\/10\/IMGP4317-768x509.jpg 768w\" sizes=\"auto, (max-width: 1300px) 100vw, 1300px\" \/><\/figure>\n\n\n\n<div class=\"wp-block-group has-global-padding is-layout-constrained wp-block-group-is-layout-constrained\">\n<p>Nieco sp\u00f3\u017aniony EC 272 &#8222;Metropolitan&#8221; z Budapesztu do Pragi, prowadzony maszyn\u0105 362.001-0, \u0142amie si\u0119 na rozjazdach na ciasnym wyje\u017adzie z dworca g\u0142\u00f3wnego w Bratys\u0142awie w kierunku Czech i za chwil\u0119 zniknie w tunelu. 23.06.2019<\/p>\n<\/div>\n","protected":false},"excerpt":{"rendered":"<p>Nieco sp\u00f3\u017aniony EC 272 &#8222;Metropolitan&#8221; z Budapesztu do Pragi, prowadzony maszyn\u0105 362.001-0, \u0142amie si\u0119 na rozjazdach na ciasnym wyje\u017adzie z dworca g\u0142\u00f3wnego w Bratys\u0142awie w kierunku Czech i za chwil\u0119 zniknie w tunelu. 23.06.2019<\/p>\n","protected":false},"author":1,"featured_media":4324,"comment_status":"open","ping_status":"","sticky":false,"template":"","format":"standard","meta":{"footnotes":""},"categories":[2,136],"tags":[903,1362,902,675,469],"class_list":["post-4323","post","type-post","status-publish","format-standard","has-post-thumbnail","hentry","category-kolej","category-rok-2019","tag-2019-06-23","tag-1362","tag-bratyslawa","tag-slowacja","tag-zssk"],"_links":{"self":[{"href":"http:\/\/wgphoto.pl\/t\/index.php?rest_route=\/wp\/v2\/posts\/4323","targetHints":{"allow":["GET"]}}],"collection":[{"href":"http:\/\/wgphoto.pl\/t\/index.php?rest_route=\/wp\/v2\/posts"}],"about":[{"href":"http:\/\/wgphoto.pl\/t\/index.php?rest_route=\/wp\/v2\/types\/post"}],"author":[{"embeddable":true,"href":"http:\/\/wgphoto.pl\/t\/index.php?rest_route=\/wp\/v2\/users\/1"}],"replies":[{"embeddable":true,"href":"http:\/\/wgphoto.pl\/t\/index.php?rest_route=%2Fwp%2Fv2%2Fcomments&post=4323"}],"version-history":[{"count":1,"href":"http:\/\/wgphoto.pl\/t\/index.php?rest_route=\/wp\/v2\/posts\/4323\/revisions"}],"predecessor-version":[{"id":4325,"href":"http:\/\/wgphoto.pl\/t\/index.php?rest_route=\/wp\/v2\/posts\/4323\/revisions\/4325"}],"wp:featuredmedia":[{"embeddable":true,"href":"http:\/\/wgphoto.pl\/t\/index.php?rest_route=\/wp\/v2\/media\/4324"}],"wp:attachment":[{"href":"http:\/\/wgphoto.pl\/t\/index.php?rest_route=%2Fwp%2Fv2%2Fmedia&parent=4323"}],"wp:term":[{"taxonomy":"category","embeddable":true,"href":"http:\/\/wgphoto.pl\/t\/index.php?rest_route=%2Fwp%2Fv2%2Fcategories&post=4323"},{"taxonomy":"post_tag","embeddable":true,"href":"http:\/\/wgphoto.pl\/t\/index.php?rest_route=%2Fwp%2Fv2%2Ftags&post=4323"}],"curies":[{"name":"wp","href":"https:\/\/api.w.org\/{rel}","templated":true}]}}