{"id":4341,"date":"2024-10-30T17:31:16","date_gmt":"2024-10-30T16:31:16","guid":{"rendered":"https:\/\/wgphoto.pl\/t\/?p=4341"},"modified":"2024-10-30T17:31:16","modified_gmt":"2024-10-30T16:31:16","slug":"wiosna-w-pelni","status":"publish","type":"post","link":"http:\/\/wgphoto.pl\/t\/?p=4341","title":{"rendered":"Wiosna w pe\u0142ni"},"content":{"rendered":"\n<figure class=\"wp-block-image aligncenter size-full\"><img loading=\"lazy\" decoding=\"async\" width=\"1300\" height=\"867\" src=\"https:\/\/wgphoto.pl\/t\/wp-content\/uploads\/2024\/10\/0609-06.jpg\" alt=\"\" class=\"wp-image-4342\" srcset=\"http:\/\/wgphoto.pl\/t\/wp-content\/uploads\/2024\/10\/0609-06.jpg 1300w, http:\/\/wgphoto.pl\/t\/wp-content\/uploads\/2024\/10\/0609-06-300x200.jpg 300w, http:\/\/wgphoto.pl\/t\/wp-content\/uploads\/2024\/10\/0609-06-768x512.jpg 768w\" sizes=\"auto, (max-width: 1300px) 100vw, 1300px\" \/><\/figure>\n\n\n\n<div class=\"wp-block-group has-global-padding is-layout-constrained wp-block-group-is-layout-constrained\">\n<p>Kubice &#8211; Nysa. SP42-228 z poci\u0105giem osobowym 9933 relacji Opole G\u0142\u00f3wne &#8211; Nysa nied\u0142ugo osi\u0105gnie stacj\u0119 docelow\u0105. 27.05.2006<\/p>\n<\/div>\n","protected":false},"excerpt":{"rendered":"<p>Kubice &#8211; Nysa. SP42-228 z poci\u0105giem osobowym 9933 relacji Opole G\u0142\u00f3wne &#8211; Nysa nied\u0142ugo osi\u0105gnie stacj\u0119 docelow\u0105. 27.05.2006<\/p>\n","protected":false},"author":1,"featured_media":4342,"comment_status":"open","ping_status":"","sticky":false,"template":"","format":"standard","meta":{"footnotes":""},"categories":[62,2,130],"tags":[1543,1663,1236,63,27,316,312,294],"class_list":["post-4341","post","type-post","status-publish","format-standard","has-post-thumbnail","hentry","category-analog","category-kolej","category-rok-2006","tag-2006-05-27","tag-kubice","tag-nysa","tag-pkp","tag-polska","tag-sp42","tag-tab-pl202","tag-wiosna"],"_links":{"self":[{"href":"http:\/\/wgphoto.pl\/t\/index.php?rest_route=\/wp\/v2\/posts\/4341","targetHints":{"allow":["GET"]}}],"collection":[{"href":"http:\/\/wgphoto.pl\/t\/index.php?rest_route=\/wp\/v2\/posts"}],"about":[{"href":"http:\/\/wgphoto.pl\/t\/index.php?rest_route=\/wp\/v2\/types\/post"}],"author":[{"embeddable":true,"href":"http:\/\/wgphoto.pl\/t\/index.php?rest_route=\/wp\/v2\/users\/1"}],"replies":[{"embeddable":true,"href":"http:\/\/wgphoto.pl\/t\/index.php?rest_route=%2Fwp%2Fv2%2Fcomments&post=4341"}],"version-history":[{"count":1,"href":"http:\/\/wgphoto.pl\/t\/index.php?rest_route=\/wp\/v2\/posts\/4341\/revisions"}],"predecessor-version":[{"id":4343,"href":"http:\/\/wgphoto.pl\/t\/index.php?rest_route=\/wp\/v2\/posts\/4341\/revisions\/4343"}],"wp:featuredmedia":[{"embeddable":true,"href":"http:\/\/wgphoto.pl\/t\/index.php?rest_route=\/wp\/v2\/media\/4342"}],"wp:attachment":[{"href":"http:\/\/wgphoto.pl\/t\/index.php?rest_route=%2Fwp%2Fv2%2Fmedia&parent=4341"}],"wp:term":[{"taxonomy":"category","embeddable":true,"href":"http:\/\/wgphoto.pl\/t\/index.php?rest_route=%2Fwp%2Fv2%2Fcategories&post=4341"},{"taxonomy":"post_tag","embeddable":true,"href":"http:\/\/wgphoto.pl\/t\/index.php?rest_route=%2Fwp%2Fv2%2Ftags&post=4341"}],"curies":[{"name":"wp","href":"https:\/\/api.w.org\/{rel}","templated":true}]}}