{"id":4389,"date":"2024-10-30T17:56:30","date_gmt":"2024-10-30T16:56:30","guid":{"rendered":"https:\/\/wgphoto.pl\/t\/?p=4389"},"modified":"2024-10-30T17:56:30","modified_gmt":"2024-10-30T16:56:30","slug":"zmierzch-prawdziwej-kolei","status":"publish","type":"post","link":"http:\/\/wgphoto.pl\/t\/?p=4389","title":{"rendered":"Zmierzch &#8222;prawdziwej kolei&#8221;"},"content":{"rendered":"\n<figure class=\"wp-block-image aligncenter size-full\"><img loading=\"lazy\" decoding=\"async\" width=\"1300\" height=\"867\" src=\"https:\/\/wgphoto.pl\/t\/wp-content\/uploads\/2024\/10\/0532-05.jpg\" alt=\"\" class=\"wp-image-4390\" srcset=\"http:\/\/wgphoto.pl\/t\/wp-content\/uploads\/2024\/10\/0532-05.jpg 1300w, http:\/\/wgphoto.pl\/t\/wp-content\/uploads\/2024\/10\/0532-05-300x200.jpg 300w, http:\/\/wgphoto.pl\/t\/wp-content\/uploads\/2024\/10\/0532-05-768x512.jpg 768w\" sizes=\"auto, (max-width: 1300px) 100vw, 1300px\" \/><\/figure>\n\n\n\n<div class=\"wp-block-group has-global-padding is-layout-constrained wp-block-group-is-layout-constrained\">\n<p>P\u00f3\u017ane popo\u0142udnie na stacji Wroc\u0142aw G\u0142\u00f3wny. ET21-331 pojedzie z poci\u0105giem osobowym 217 do Jeleniej G\u00f3ry, a EN57-678 wykona kurs nr 419 do G\u0142ogowa. 05.11.2005<\/p>\n<\/div>\n","protected":false},"excerpt":{"rendered":"<p>P\u00f3\u017ane popo\u0142udnie na stacji Wroc\u0142aw G\u0142\u00f3wny. ET21-331 pojedzie z poci\u0105giem osobowym 217 do Jeleniej G\u00f3ry, a EN57-678 wykona kurs nr 419 do G\u0142ogowa. 05.11.2005<\/p>\n","protected":false},"author":1,"featured_media":4390,"comment_status":"open","ping_status":"","sticky":false,"template":"","format":"standard","meta":{"footnotes":""},"categories":[62,2,311],"tags":[1804,198,179,63,27,200,41,180],"class_list":["post-4389","post","type-post","status-publish","format-standard","has-post-thumbnail","hentry","category-analog","category-kolej","category-rok-2005","tag-2005-11-05","tag-et21","tag-hala-peronowa","tag-pkp","tag-polska","tag-tab-pl240","tag-wroclaw","tag-wroclaw-glowny"],"_links":{"self":[{"href":"http:\/\/wgphoto.pl\/t\/index.php?rest_route=\/wp\/v2\/posts\/4389","targetHints":{"allow":["GET"]}}],"collection":[{"href":"http:\/\/wgphoto.pl\/t\/index.php?rest_route=\/wp\/v2\/posts"}],"about":[{"href":"http:\/\/wgphoto.pl\/t\/index.php?rest_route=\/wp\/v2\/types\/post"}],"author":[{"embeddable":true,"href":"http:\/\/wgphoto.pl\/t\/index.php?rest_route=\/wp\/v2\/users\/1"}],"replies":[{"embeddable":true,"href":"http:\/\/wgphoto.pl\/t\/index.php?rest_route=%2Fwp%2Fv2%2Fcomments&post=4389"}],"version-history":[{"count":1,"href":"http:\/\/wgphoto.pl\/t\/index.php?rest_route=\/wp\/v2\/posts\/4389\/revisions"}],"predecessor-version":[{"id":4391,"href":"http:\/\/wgphoto.pl\/t\/index.php?rest_route=\/wp\/v2\/posts\/4389\/revisions\/4391"}],"wp:featuredmedia":[{"embeddable":true,"href":"http:\/\/wgphoto.pl\/t\/index.php?rest_route=\/wp\/v2\/media\/4390"}],"wp:attachment":[{"href":"http:\/\/wgphoto.pl\/t\/index.php?rest_route=%2Fwp%2Fv2%2Fmedia&parent=4389"}],"wp:term":[{"taxonomy":"category","embeddable":true,"href":"http:\/\/wgphoto.pl\/t\/index.php?rest_route=%2Fwp%2Fv2%2Fcategories&post=4389"},{"taxonomy":"post_tag","embeddable":true,"href":"http:\/\/wgphoto.pl\/t\/index.php?rest_route=%2Fwp%2Fv2%2Ftags&post=4389"}],"curies":[{"name":"wp","href":"https:\/\/api.w.org\/{rel}","templated":true}]}}