{"id":4413,"date":"2024-10-30T18:04:38","date_gmt":"2024-10-30T17:04:38","guid":{"rendered":"https:\/\/wgphoto.pl\/t\/?p=4413"},"modified":"2024-10-30T18:04:38","modified_gmt":"2024-10-30T17:04:38","slug":"deszczowy-wieczor-3","status":"publish","type":"post","link":"http:\/\/wgphoto.pl\/t\/?p=4413","title":{"rendered":"Deszczowy wiecz\u00f3r"},"content":{"rendered":"\n<figure class=\"wp-block-image aligncenter size-full\"><img loading=\"lazy\" decoding=\"async\" width=\"1300\" height=\"861\" src=\"https:\/\/wgphoto.pl\/t\/wp-content\/uploads\/2024\/10\/IMGP2298.jpg\" alt=\"\" class=\"wp-image-4414\" srcset=\"http:\/\/wgphoto.pl\/t\/wp-content\/uploads\/2024\/10\/IMGP2298.jpg 1300w, http:\/\/wgphoto.pl\/t\/wp-content\/uploads\/2024\/10\/IMGP2298-300x199.jpg 300w, http:\/\/wgphoto.pl\/t\/wp-content\/uploads\/2024\/10\/IMGP2298-768x509.jpg 768w\" sizes=\"auto, (max-width: 1300px) 100vw, 1300px\" \/><\/figure>\n\n\n\n<div class=\"wp-block-group has-global-padding is-layout-constrained wp-block-group-is-layout-constrained\">\n<p>Granada, calle Luis Amador. Dzi\u0119ki bogatemu o\u015bwietleniu ca\u0142o\u015b\u0107 prezentuje si\u0119 wyj\u0105tkowo atrakcyjnie jak na tak ponur\u0105, deszczow\u0105 pogod\u0119. 18.11.2018<\/p>\n<\/div>\n","protected":false},"excerpt":{"rendered":"<p>Granada, calle Luis Amador. Dzi\u0119ki bogatemu o\u015bwietleniu ca\u0142o\u015b\u0107 prezentuje si\u0119 wyj\u0105tkowo atrakcyjnie jak na tak ponur\u0105, deszczow\u0105 pogod\u0119. 18.11.2018<\/p>\n","protected":false},"author":1,"featured_media":4414,"comment_status":"open","ping_status":"","sticky":false,"template":"","format":"standard","meta":{"footnotes":""},"categories":[156,3],"tags":[624,157,13,158,159,160,173,161,154,219],"class_list":["post-4413","post","type-post","status-publish","format-standard","has-post-thumbnail","hentry","category-rok-2018","category-tramwaj","tag-2018-11-18","tag-caf-urbos","tag-deszcz","tag-granada","tag-hiszpania","tag-hiszpania-2018","tag-koncowki","tag-metro-de-granada","tag-noc","tag-przystanek"],"_links":{"self":[{"href":"http:\/\/wgphoto.pl\/t\/index.php?rest_route=\/wp\/v2\/posts\/4413","targetHints":{"allow":["GET"]}}],"collection":[{"href":"http:\/\/wgphoto.pl\/t\/index.php?rest_route=\/wp\/v2\/posts"}],"about":[{"href":"http:\/\/wgphoto.pl\/t\/index.php?rest_route=\/wp\/v2\/types\/post"}],"author":[{"embeddable":true,"href":"http:\/\/wgphoto.pl\/t\/index.php?rest_route=\/wp\/v2\/users\/1"}],"replies":[{"embeddable":true,"href":"http:\/\/wgphoto.pl\/t\/index.php?rest_route=%2Fwp%2Fv2%2Fcomments&post=4413"}],"version-history":[{"count":1,"href":"http:\/\/wgphoto.pl\/t\/index.php?rest_route=\/wp\/v2\/posts\/4413\/revisions"}],"predecessor-version":[{"id":4415,"href":"http:\/\/wgphoto.pl\/t\/index.php?rest_route=\/wp\/v2\/posts\/4413\/revisions\/4415"}],"wp:featuredmedia":[{"embeddable":true,"href":"http:\/\/wgphoto.pl\/t\/index.php?rest_route=\/wp\/v2\/media\/4414"}],"wp:attachment":[{"href":"http:\/\/wgphoto.pl\/t\/index.php?rest_route=%2Fwp%2Fv2%2Fmedia&parent=4413"}],"wp:term":[{"taxonomy":"category","embeddable":true,"href":"http:\/\/wgphoto.pl\/t\/index.php?rest_route=%2Fwp%2Fv2%2Fcategories&post=4413"},{"taxonomy":"post_tag","embeddable":true,"href":"http:\/\/wgphoto.pl\/t\/index.php?rest_route=%2Fwp%2Fv2%2Ftags&post=4413"}],"curies":[{"name":"wp","href":"https:\/\/api.w.org\/{rel}","templated":true}]}}