{"id":4431,"date":"2024-10-31T20:23:56","date_gmt":"2024-10-31T19:23:56","guid":{"rendered":"https:\/\/wgphoto.pl\/t\/?p=4431"},"modified":"2024-10-31T20:23:56","modified_gmt":"2024-10-31T19:23:56","slug":"dwa-razy-wiecej","status":"publish","type":"post","link":"http:\/\/wgphoto.pl\/t\/?p=4431","title":{"rendered":"Dwa razy wi\u0119cej"},"content":{"rendered":"\n<figure class=\"wp-block-image aligncenter size-full\"><img loading=\"lazy\" decoding=\"async\" width=\"1300\" height=\"861\" src=\"https:\/\/wgphoto.pl\/t\/wp-content\/uploads\/2024\/10\/IMGP8265.jpg\" alt=\"\" class=\"wp-image-4432\" srcset=\"http:\/\/wgphoto.pl\/t\/wp-content\/uploads\/2024\/10\/IMGP8265.jpg 1300w, http:\/\/wgphoto.pl\/t\/wp-content\/uploads\/2024\/10\/IMGP8265-300x199.jpg 300w, http:\/\/wgphoto.pl\/t\/wp-content\/uploads\/2024\/10\/IMGP8265-768x509.jpg 768w\" sizes=\"auto, (max-width: 1300px) 100vw, 1300px\" \/><\/figure>\n\n\n\n<div class=\"wp-block-group has-global-padding is-layout-constrained wp-block-group-is-layout-constrained\">\n<p>Wroc\u0142aw, ul. Teatralna. \u0160koda 19T #3116 na objazdowej trasie linii 31 z powodu wymiany rozjazd\u00f3w przy Arkadach. Tak wysz\u0142o, \u017ce tramwaj dwukierunkowy sta\u0142 si\u0119 te\u017c &#8222;dwukierunkowy&#8221; w pionie. 08.06.2020<\/p>\n<\/div>\n","protected":false},"excerpt":{"rendered":"<p>Wroc\u0142aw, ul. Teatralna. \u0160koda 19T #3116 na objazdowej trasie linii 31 z powodu wymiany rozjazd\u00f3w przy Arkadach. Tak wysz\u0142o, \u017ce tramwaj dwukierunkowy sta\u0142 si\u0119 te\u017c &#8222;dwukierunkowy&#8221; w pionie. 08.06.2020<\/p>\n","protected":false},"author":1,"featured_media":4432,"comment_status":"open","ping_status":"","sticky":false,"template":"","format":"standard","meta":{"footnotes":""},"categories":[676,3],"tags":[1815,395,42,27,1493,216,41],"class_list":["post-4431","post","type-post","status-publish","format-standard","has-post-thumbnail","hentry","category-rok-2020","category-tramwaj","tag-2020-06-08","tag-lustro","tag-mpk-wroclaw","tag-polska","tag-skoda-19t","tag-skoda-elektra","tag-wroclaw"],"_links":{"self":[{"href":"http:\/\/wgphoto.pl\/t\/index.php?rest_route=\/wp\/v2\/posts\/4431","targetHints":{"allow":["GET"]}}],"collection":[{"href":"http:\/\/wgphoto.pl\/t\/index.php?rest_route=\/wp\/v2\/posts"}],"about":[{"href":"http:\/\/wgphoto.pl\/t\/index.php?rest_route=\/wp\/v2\/types\/post"}],"author":[{"embeddable":true,"href":"http:\/\/wgphoto.pl\/t\/index.php?rest_route=\/wp\/v2\/users\/1"}],"replies":[{"embeddable":true,"href":"http:\/\/wgphoto.pl\/t\/index.php?rest_route=%2Fwp%2Fv2%2Fcomments&post=4431"}],"version-history":[{"count":1,"href":"http:\/\/wgphoto.pl\/t\/index.php?rest_route=\/wp\/v2\/posts\/4431\/revisions"}],"predecessor-version":[{"id":4433,"href":"http:\/\/wgphoto.pl\/t\/index.php?rest_route=\/wp\/v2\/posts\/4431\/revisions\/4433"}],"wp:featuredmedia":[{"embeddable":true,"href":"http:\/\/wgphoto.pl\/t\/index.php?rest_route=\/wp\/v2\/media\/4432"}],"wp:attachment":[{"href":"http:\/\/wgphoto.pl\/t\/index.php?rest_route=%2Fwp%2Fv2%2Fmedia&parent=4431"}],"wp:term":[{"taxonomy":"category","embeddable":true,"href":"http:\/\/wgphoto.pl\/t\/index.php?rest_route=%2Fwp%2Fv2%2Fcategories&post=4431"},{"taxonomy":"post_tag","embeddable":true,"href":"http:\/\/wgphoto.pl\/t\/index.php?rest_route=%2Fwp%2Fv2%2Ftags&post=4431"}],"curies":[{"name":"wp","href":"https:\/\/api.w.org\/{rel}","templated":true}]}}