{"id":4449,"date":"2024-10-31T20:30:45","date_gmt":"2024-10-31T19:30:45","guid":{"rendered":"https:\/\/wgphoto.pl\/t\/?p=4449"},"modified":"2024-10-31T20:30:45","modified_gmt":"2024-10-31T19:30:45","slug":"810-233-7-adrspach","status":"publish","type":"post","link":"http:\/\/wgphoto.pl\/t\/?p=4449","title":{"rendered":"810.233-7, Adr\u0161pach"},"content":{"rendered":"\n<figure class=\"wp-block-image aligncenter size-full\"><img loading=\"lazy\" decoding=\"async\" width=\"1300\" height=\"870\" src=\"https:\/\/wgphoto.pl\/t\/wp-content\/uploads\/2024\/10\/IMGP8619.jpg\" alt=\"\" class=\"wp-image-4450\" srcset=\"http:\/\/wgphoto.pl\/t\/wp-content\/uploads\/2024\/10\/IMGP8619.jpg 1300w, http:\/\/wgphoto.pl\/t\/wp-content\/uploads\/2024\/10\/IMGP8619-300x201.jpg 300w, http:\/\/wgphoto.pl\/t\/wp-content\/uploads\/2024\/10\/IMGP8619-768x514.jpg 768w\" sizes=\"auto, (max-width: 1300px) 100vw, 1300px\" \/><\/figure>\n\n\n\n<div class=\"wp-block-group has-global-padding is-layout-constrained wp-block-group-is-layout-constrained\">\n<p>Poci\u0105g osobowy 15779 do Teplic nad Metuj\u00ed oczekuje pory odjazdu z sympatycznej stacyjki po\u0142o\u017conej tu\u017c obok jednego z wej\u015b\u0107 do Skalnego Miasta. 10.06.2012<\/p>\n<\/div>\n","protected":false},"excerpt":{"rendered":"<p>Poci\u0105g osobowy 15779 do Teplic nad Metuj\u00ed oczekuje pory odjazdu z sympatycznej stacyjki po\u0142o\u017conej tu\u017c obok jednego z wej\u015b\u0107 do Skalnego Miasta. 10.06.2012<\/p>\n","protected":false},"author":1,"featured_media":4450,"comment_status":"open","ping_status":"","sticky":false,"template":"","format":"standard","meta":{"footnotes":""},"categories":[2,46],"tags":[1821,92,1820,50,49,196,118,1822],"class_list":["post-4449","post","type-post","status-publish","format-standard","has-post-thumbnail","hentry","category-kolej","category-rok-2012","tag-2012-06-10","tag-92","tag-adrspach","tag-cd","tag-czechy","tag-linie-raczej-lokalne","tag-plany-i-profile","tag-tab-cz047"],"_links":{"self":[{"href":"http:\/\/wgphoto.pl\/t\/index.php?rest_route=\/wp\/v2\/posts\/4449","targetHints":{"allow":["GET"]}}],"collection":[{"href":"http:\/\/wgphoto.pl\/t\/index.php?rest_route=\/wp\/v2\/posts"}],"about":[{"href":"http:\/\/wgphoto.pl\/t\/index.php?rest_route=\/wp\/v2\/types\/post"}],"author":[{"embeddable":true,"href":"http:\/\/wgphoto.pl\/t\/index.php?rest_route=\/wp\/v2\/users\/1"}],"replies":[{"embeddable":true,"href":"http:\/\/wgphoto.pl\/t\/index.php?rest_route=%2Fwp%2Fv2%2Fcomments&post=4449"}],"version-history":[{"count":1,"href":"http:\/\/wgphoto.pl\/t\/index.php?rest_route=\/wp\/v2\/posts\/4449\/revisions"}],"predecessor-version":[{"id":4451,"href":"http:\/\/wgphoto.pl\/t\/index.php?rest_route=\/wp\/v2\/posts\/4449\/revisions\/4451"}],"wp:featuredmedia":[{"embeddable":true,"href":"http:\/\/wgphoto.pl\/t\/index.php?rest_route=\/wp\/v2\/media\/4450"}],"wp:attachment":[{"href":"http:\/\/wgphoto.pl\/t\/index.php?rest_route=%2Fwp%2Fv2%2Fmedia&parent=4449"}],"wp:term":[{"taxonomy":"category","embeddable":true,"href":"http:\/\/wgphoto.pl\/t\/index.php?rest_route=%2Fwp%2Fv2%2Fcategories&post=4449"},{"taxonomy":"post_tag","embeddable":true,"href":"http:\/\/wgphoto.pl\/t\/index.php?rest_route=%2Fwp%2Fv2%2Ftags&post=4449"}],"curies":[{"name":"wp","href":"https:\/\/api.w.org\/{rel}","templated":true}]}}