{"id":4452,"date":"2024-11-02T14:00:09","date_gmt":"2024-11-02T13:00:09","guid":{"rendered":"https:\/\/wgphoto.pl\/t\/?p=4452"},"modified":"2024-11-02T14:00:09","modified_gmt":"2024-11-02T13:00:09","slug":"patrze-z-gory","status":"publish","type":"post","link":"http:\/\/wgphoto.pl\/t\/?p=4452","title":{"rendered":"Patrz\u0119 z g\u00f3ry"},"content":{"rendered":"\n<figure class=\"wp-block-image aligncenter size-full\"><img loading=\"lazy\" decoding=\"async\" width=\"1400\" height=\"927\" src=\"https:\/\/wgphoto.pl\/t\/wp-content\/uploads\/2024\/11\/IMGP9861.jpg\" alt=\"\" class=\"wp-image-4453\" srcset=\"http:\/\/wgphoto.pl\/t\/wp-content\/uploads\/2024\/11\/IMGP9861.jpg 1400w, http:\/\/wgphoto.pl\/t\/wp-content\/uploads\/2024\/11\/IMGP9861-300x199.jpg 300w, http:\/\/wgphoto.pl\/t\/wp-content\/uploads\/2024\/11\/IMGP9861-768x509.jpg 768w\" sizes=\"auto, (max-width: 1400px) 100vw, 1400px\" \/><\/figure>\n\n\n\n<div class=\"wp-block-group has-global-padding is-layout-constrained wp-block-group-is-layout-constrained\">\n<p>4024.040 jako R91 relacji M\u00fcrzzuschlag &#8211; Payerbach-Reichenau za nied\u0142ugo zatrzyma si\u0119 na stacji Breitenstein am Semmering. Ten kadr jest idealny na 4-wagonow\u0105 jednostk\u0119. 10.09.2024<\/p>\n<\/div>\n","protected":false},"excerpt":{"rendered":"<p>4024.040 jako R91 relacji M\u00fcrzzuschlag &#8211; Payerbach-Reichenau za nied\u0142ugo zatrzyma si\u0119 na stacji Breitenstein am Semmering. Ten kadr jest idealny na 4-wagonow\u0105 jednostk\u0119. 10.09.2024<\/p>\n","protected":false},"author":1,"featured_media":4453,"comment_status":"open","ping_status":"","sticky":false,"template":"","format":"standard","meta":{"footnotes":""},"categories":[2,5],"tags":[551,1824,9,1823,549,45,11,12,15,550],"class_list":["post-4452","post","type-post","status-publish","format-standard","has-post-thumbnail","hentry","category-kolej","category-2024r","tag-2024-09-10","tag-1824","tag-austria","tag-bombardier-talent","tag-breitenstein","tag-most","tag-obb","tag-semmeringbahn","tag-tunel","tag-wakacje-2024"],"_links":{"self":[{"href":"http:\/\/wgphoto.pl\/t\/index.php?rest_route=\/wp\/v2\/posts\/4452","targetHints":{"allow":["GET"]}}],"collection":[{"href":"http:\/\/wgphoto.pl\/t\/index.php?rest_route=\/wp\/v2\/posts"}],"about":[{"href":"http:\/\/wgphoto.pl\/t\/index.php?rest_route=\/wp\/v2\/types\/post"}],"author":[{"embeddable":true,"href":"http:\/\/wgphoto.pl\/t\/index.php?rest_route=\/wp\/v2\/users\/1"}],"replies":[{"embeddable":true,"href":"http:\/\/wgphoto.pl\/t\/index.php?rest_route=%2Fwp%2Fv2%2Fcomments&post=4452"}],"version-history":[{"count":1,"href":"http:\/\/wgphoto.pl\/t\/index.php?rest_route=\/wp\/v2\/posts\/4452\/revisions"}],"predecessor-version":[{"id":4454,"href":"http:\/\/wgphoto.pl\/t\/index.php?rest_route=\/wp\/v2\/posts\/4452\/revisions\/4454"}],"wp:featuredmedia":[{"embeddable":true,"href":"http:\/\/wgphoto.pl\/t\/index.php?rest_route=\/wp\/v2\/media\/4453"}],"wp:attachment":[{"href":"http:\/\/wgphoto.pl\/t\/index.php?rest_route=%2Fwp%2Fv2%2Fmedia&parent=4452"}],"wp:term":[{"taxonomy":"category","embeddable":true,"href":"http:\/\/wgphoto.pl\/t\/index.php?rest_route=%2Fwp%2Fv2%2Fcategories&post=4452"},{"taxonomy":"post_tag","embeddable":true,"href":"http:\/\/wgphoto.pl\/t\/index.php?rest_route=%2Fwp%2Fv2%2Ftags&post=4452"}],"curies":[{"name":"wp","href":"https:\/\/api.w.org\/{rel}","templated":true}]}}