{"id":4455,"date":"2024-11-02T18:30:05","date_gmt":"2024-11-02T17:30:05","guid":{"rendered":"https:\/\/wgphoto.pl\/t\/?p=4455"},"modified":"2025-01-14T22:32:35","modified_gmt":"2025-01-14T21:32:35","slug":"ruchome-muzeum","status":"publish","type":"post","link":"http:\/\/wgphoto.pl\/t\/?p=4455","title":{"rendered":"Ruchome Muzeum"},"content":{"rendered":"\n<figure class=\"wp-block-image aligncenter size-full\"><img loading=\"lazy\" decoding=\"async\" width=\"1300\" height=\"861\" src=\"https:\/\/wgphoto.pl\/t\/wp-content\/uploads\/2024\/11\/IMGP3605.jpg\" alt=\"\" class=\"wp-image-4456\" srcset=\"http:\/\/wgphoto.pl\/t\/wp-content\/uploads\/2024\/11\/IMGP3605.jpg 1300w, http:\/\/wgphoto.pl\/t\/wp-content\/uploads\/2024\/11\/IMGP3605-300x199.jpg 300w, http:\/\/wgphoto.pl\/t\/wp-content\/uploads\/2024\/11\/IMGP3605-768x509.jpg 768w\" sizes=\"auto, (max-width: 1300px) 100vw, 1300px\" \/><\/figure>\n\n\n\n<div class=\"wp-block-group has-global-padding is-layout-constrained wp-block-group-is-layout-constrained\">\n<p>Wiele starszych stacji praskiego metra posiada wystr\u00f3j zbli\u017cony do prezentowanego. Zmieniaj\u0105 si\u0119 tylko kolory oraz uk\u0142ad \u201eklock\u00f3w\u201d b\u0119d\u0105cych raz wypuk\u0142ym \u201eodlewem\u201d, a innym razem wkl\u0119s\u0142\u0105 \u201eform\u0105\u201d. Na te kszta\u0142ty Czesi m\u00f3wi\u0105 (odpowiednio) prsa i antyprsa, co mo\u017cna przet\u0142umaczy\u0107 jako cycki i antycycki. <\/p>\n\n\n\n<p>Praga, stacja Muzeum, 31.03.2014<\/p>\n<\/div>\n","protected":false},"excerpt":{"rendered":"<p>Wiele starszych stacji praskiego metra posiada wystr\u00f3j zbli\u017cony do prezentowanego. Zmieniaj\u0105 si\u0119 tylko kolory oraz uk\u0142ad \u201eklock\u00f3w\u201d b\u0119d\u0105cych raz wypuk\u0142ym \u201eodlewem\u201d, a innym razem wkl\u0119s\u0142\u0105 \u201eform\u0105\u201d. Na te kszta\u0142ty Czesi m\u00f3wi\u0105 (odpowiednio) prsa i antyprsa, co mo\u017cna przet\u0142umaczy\u0107 jako cycki i antycycki. Praga, stacja Muzeum, 31.03.2014<\/p>\n","protected":false},"author":1,"featured_media":4456,"comment_status":"open","ping_status":"","sticky":false,"template":"","format":"standard","meta":{"footnotes":""},"categories":[220,4,48],"tags":[54,49,1049,173,2649,52,1505,15,1506],"class_list":["post-4455","post","type-post","status-publish","format-standard","has-post-thumbnail","hentry","category-blo","category-metro","category-rok-2014","tag-2014-03-31","tag-czechy","tag-dp-praha","tag-koncowki","tag-metro-praha","tag-praga","tag-stacje-praskiego-metra","tag-tunel","tag-1506"],"_links":{"self":[{"href":"http:\/\/wgphoto.pl\/t\/index.php?rest_route=\/wp\/v2\/posts\/4455","targetHints":{"allow":["GET"]}}],"collection":[{"href":"http:\/\/wgphoto.pl\/t\/index.php?rest_route=\/wp\/v2\/posts"}],"about":[{"href":"http:\/\/wgphoto.pl\/t\/index.php?rest_route=\/wp\/v2\/types\/post"}],"author":[{"embeddable":true,"href":"http:\/\/wgphoto.pl\/t\/index.php?rest_route=\/wp\/v2\/users\/1"}],"replies":[{"embeddable":true,"href":"http:\/\/wgphoto.pl\/t\/index.php?rest_route=%2Fwp%2Fv2%2Fcomments&post=4455"}],"version-history":[{"count":3,"href":"http:\/\/wgphoto.pl\/t\/index.php?rest_route=\/wp\/v2\/posts\/4455\/revisions"}],"predecessor-version":[{"id":9774,"href":"http:\/\/wgphoto.pl\/t\/index.php?rest_route=\/wp\/v2\/posts\/4455\/revisions\/9774"}],"wp:featuredmedia":[{"embeddable":true,"href":"http:\/\/wgphoto.pl\/t\/index.php?rest_route=\/wp\/v2\/media\/4456"}],"wp:attachment":[{"href":"http:\/\/wgphoto.pl\/t\/index.php?rest_route=%2Fwp%2Fv2%2Fmedia&parent=4455"}],"wp:term":[{"taxonomy":"category","embeddable":true,"href":"http:\/\/wgphoto.pl\/t\/index.php?rest_route=%2Fwp%2Fv2%2Fcategories&post=4455"},{"taxonomy":"post_tag","embeddable":true,"href":"http:\/\/wgphoto.pl\/t\/index.php?rest_route=%2Fwp%2Fv2%2Ftags&post=4455"}],"curies":[{"name":"wp","href":"https:\/\/api.w.org\/{rel}","templated":true}]}}