{"id":4485,"date":"2024-11-02T18:40:26","date_gmt":"2024-11-02T17:40:26","guid":{"rendered":"https:\/\/wgphoto.pl\/t\/?p=4485"},"modified":"2024-11-02T18:40:26","modified_gmt":"2024-11-02T17:40:26","slug":"cityrunner-nad-morzem","status":"publish","type":"post","link":"http:\/\/wgphoto.pl\/t\/?p=4485","title":{"rendered":"Cityrunner nad morzem"},"content":{"rendered":"\n<figure class=\"wp-block-image aligncenter size-full\"><img loading=\"lazy\" decoding=\"async\" width=\"1300\" height=\"870\" src=\"https:\/\/wgphoto.pl\/t\/wp-content\/uploads\/2024\/11\/IMGP1019.jpg\" alt=\"\" class=\"wp-image-4486\" srcset=\"http:\/\/wgphoto.pl\/t\/wp-content\/uploads\/2024\/11\/IMGP1019.jpg 1300w, http:\/\/wgphoto.pl\/t\/wp-content\/uploads\/2024\/11\/IMGP1019-300x201.jpg 300w, http:\/\/wgphoto.pl\/t\/wp-content\/uploads\/2024\/11\/IMGP1019-768x514.jpg 768w\" sizes=\"auto, (max-width: 1300px) 100vw, 1300px\" \/><\/figure>\n\n\n\n<div class=\"wp-block-group has-global-padding is-layout-constrained wp-block-group-is-layout-constrained\">\n<p>Alicante, odcinek La Isleta &#8211; Sangueta. Cityrunner #4201 zaraz minie semafor przed rozga\u0142\u0119zieniem jednotorowego szlaku na dwa tory. Obecnie to w\u0105skie gard\u0142o, malowniczo po\u0142o\u017cone nad brzegiem morza, nie jest ju\u017c wykorzystywane. Tramwaje kursuj\u0105 tunelem wydr\u0105\u017conym w skale po lewej. 04.12.2012<\/p>\n<\/div>\n","protected":false},"excerpt":{"rendered":"<p>Alicante, odcinek La Isleta &#8211; Sangueta. Cityrunner #4201 zaraz minie semafor przed rozga\u0142\u0119zieniem jednotorowego szlaku na dwa tory. Obecnie to w\u0105skie gard\u0142o, malowniczo po\u0142o\u017cone nad brzegiem morza, nie jest ju\u017c wykorzystywane. Tramwaje kursuj\u0105 tunelem wydr\u0105\u017conym w skale po lewej. 04.12.2012<\/p>\n","protected":false},"author":1,"featured_media":4486,"comment_status":"open","ping_status":"","sticky":false,"template":"","format":"standard","meta":{"footnotes":""},"categories":[46,3],"tags":[1836,1834,185,863,159,116,244],"class_list":["post-4485","post","type-post","status-publish","format-standard","has-post-thumbnail","hentry","category-rok-2012","category-tramwaj","tag-2012-12-04","tag-alicante","tag-cityrunner","tag-fgv-valencia","tag-hiszpania","tag-morze","tag-skaly"],"_links":{"self":[{"href":"http:\/\/wgphoto.pl\/t\/index.php?rest_route=\/wp\/v2\/posts\/4485","targetHints":{"allow":["GET"]}}],"collection":[{"href":"http:\/\/wgphoto.pl\/t\/index.php?rest_route=\/wp\/v2\/posts"}],"about":[{"href":"http:\/\/wgphoto.pl\/t\/index.php?rest_route=\/wp\/v2\/types\/post"}],"author":[{"embeddable":true,"href":"http:\/\/wgphoto.pl\/t\/index.php?rest_route=\/wp\/v2\/users\/1"}],"replies":[{"embeddable":true,"href":"http:\/\/wgphoto.pl\/t\/index.php?rest_route=%2Fwp%2Fv2%2Fcomments&post=4485"}],"version-history":[{"count":1,"href":"http:\/\/wgphoto.pl\/t\/index.php?rest_route=\/wp\/v2\/posts\/4485\/revisions"}],"predecessor-version":[{"id":4487,"href":"http:\/\/wgphoto.pl\/t\/index.php?rest_route=\/wp\/v2\/posts\/4485\/revisions\/4487"}],"wp:featuredmedia":[{"embeddable":true,"href":"http:\/\/wgphoto.pl\/t\/index.php?rest_route=\/wp\/v2\/media\/4486"}],"wp:attachment":[{"href":"http:\/\/wgphoto.pl\/t\/index.php?rest_route=%2Fwp%2Fv2%2Fmedia&parent=4485"}],"wp:term":[{"taxonomy":"category","embeddable":true,"href":"http:\/\/wgphoto.pl\/t\/index.php?rest_route=%2Fwp%2Fv2%2Fcategories&post=4485"},{"taxonomy":"post_tag","embeddable":true,"href":"http:\/\/wgphoto.pl\/t\/index.php?rest_route=%2Fwp%2Fv2%2Ftags&post=4485"}],"curies":[{"name":"wp","href":"https:\/\/api.w.org\/{rel}","templated":true}]}}